{"id":571,"date":"2024-03-07T14:32:24","date_gmt":"2024-03-07T17:32:24","guid":{"rendered":"https:\/\/enlamira.info\/?p=571"},"modified":"2024-03-07T14:39:47","modified_gmt":"2024-03-07T17:39:47","slug":"mas-de-60-premios-nobel-de-todo-el-mundo-defendieron-la-ciencia-argentina-y-criticaron-las-medidas-de-milei","status":"publish","type":"post","link":"https:\/\/enlamira.info\/index.php\/2024\/03\/07\/mas-de-60-premios-nobel-de-todo-el-mundo-defendieron-la-ciencia-argentina-y-criticaron-las-medidas-de-milei\/","title":{"rendered":"M\u00e1s de 60 premios Nobel de todo el mundo defendieron la ciencia argentina y criticaron las medidas de Milei"},"content":{"rendered":"\n<p>En una carta dirigida al Presidente, 68 personalidades expresaron su preocupaci\u00f3n ante el desfinanciamiento del sistema cient\u00edfico.<\/p>\n\n\n\n<p>En una\u00a0dura carta dirigida al presidente Javier Milei,\u00a068\u00a0premios Nobel\u00a0expresaron su posici\u00f3n frente a las medidas tomadas por el Gobierno sobre\u00a0la ciencia argentina.<\/p>\n\n\n\n<p>\u201cVemos con preocupaci\u00f3n la eliminaci\u00f3n del Ministerio de Ciencia y Tecnolog\u00eda, el\u00a0despido de empleados administrativos del Conicet\u00a0y otros institutos en todo el pa\u00eds, y la terminaci\u00f3n anticipada de muchos contratos el pr\u00f3ximo mes.\u00a0Tememos que Argentina est\u00e9 abandonando a sus cient\u00edficos, estudiantes y futuros l\u00edderes de la ciencia\u201d, sostuvieron en el texto varios de los\u00a0principales referentes mundiales\u00a0de la Medicina, Qu\u00edmica, F\u00edsica y Econom\u00eda.<\/p>\n\n\n\n<p>En la carta, afirman que\u00a0\u201cel sistema argentino de ciencia y tecnolog\u00eda se acerca a un peligroso precipicio\u201d, y agregan: \u201cNos preocupa que la\u00a0dram\u00e1tica devaluaci\u00f3n de los presupuestos del Conicet y las Universidades Nacionales\u00a0refleje no s\u00f3lo una dram\u00e1tica devaluaci\u00f3n de la ciencia argentina sino tambi\u00e9n una devaluaci\u00f3n del pueblo argentino y del futuro de Argentina\u201d.<\/p>\n\n\n\n<p>En una extensi\u00f3n de dos p\u00e1ginas, sostienen que \u201cel progreso econ\u00f3mico y social en las sociedades modernas y la creaci\u00f3n de riqueza a partir de los recursos naturales de un pa\u00eds est\u00e1n estrechamente vinculados a una fuerte inversi\u00f3n p\u00fablica en ciencia y tecnolog\u00eda\u201d.<\/p>\n\n\n\n<p>En ese sentido le pidieron al Presidente: \u201cLe instamos con respeto a que restablezca los presupuestos\u00a0sometidos a restricciones impuestas recientemente al important\u00edsimo sector cient\u00edfico y tecnol\u00f3gico de su pa\u00eds\u201d.<\/p>\n\n\n\n<p>\u201cCongelar los programas de investigaci\u00f3n y disminuir el n\u00famero de estudiantes de doctorado y de investigadores j\u00f3venes\u00a0provocar\u00e1 la destrucci\u00f3n de un sistema\u00a0que tard\u00f3 muchos a\u00f1os en construirse, y que requerir\u00eda muchos, muchos m\u00e1s para ser reconstruido\u201d, advierten.<\/p>\n\n\n\n<p>Y remarcaron: \u201cSi no fuera por la ciencia y los cient\u00edficos argentinos, las causas y el tratamiento del c\u00e1ncer, la diabetes y las enfermedades cardiovasculares habr\u00edan seguido siendo un misterio durante d\u00e9cadas. Si no fuera por la ciencia y los cient\u00edficos argentinos, carecer\u00edamos del conocimiento y la tecnolog\u00eda que permiten a un pa\u00eds alimentar tanto a su propio pueblo como a gran parte del mundo y establecer el conocimiento b\u00e1sico necesario para pol\u00edticas efectivas de conservaci\u00f3n de la naturaleza\u201d.<\/p>\n\n\n\n<p>\u201cVemos los\u00a0muchos avances notables que han llegado a Argentina\u00a0a trav\u00e9s de la historia y la tradici\u00f3n de la ciencia y la tecnolog\u00eda argentinas. \u00bfD\u00f3nde estar\u00eda Argentina \u2013y el mundo\u2013 sin esta rica e importante historia?\u201d, preguntaron.<\/p>\n","protected":false},"excerpt":{"rendered":"<p>En una carta dirigida al Presidente, 68 personalidades expresaron su preocupaci\u00f3n ante el desfinanciamiento del sistema cient\u00edfico. En una\u00a0dura carta dirigida al presidente Javier Milei,\u00a068\u00a0premios Nobel\u00a0expresaron su posici\u00f3n frente a las medidas tomadas por el Gobierno sobre\u00a0la ciencia argentina. \u201cVemos con preocupaci\u00f3n la eliminaci\u00f3n del Ministerio de Ciencia y Tecnolog\u00eda, el\u00a0despido de empleados administrativos del [&hellip;]<\/p>\n","protected":false},"author":2,"featured_media":573,"comment_status":"open","ping_status":"open","sticky":false,"template":"","format":"standard","meta":{"footnotes":""},"categories":[20],"tags":[],"_links":{"self":[{"href":"https:\/\/enlamira.info\/index.php\/wp-json\/wp\/v2\/posts\/571"}],"collection":[{"href":"https:\/\/enlamira.info\/index.php\/wp-json\/wp\/v2\/posts"}],"about":[{"href":"https:\/\/enlamira.info\/index.php\/wp-json\/wp\/v2\/types\/post"}],"author":[{"embeddable":true,"href":"https:\/\/enlamira.info\/index.php\/wp-json\/wp\/v2\/users\/2"}],"replies":[{"embeddable":true,"href":"https:\/\/enlamira.info\/index.php\/wp-json\/wp\/v2\/comments?post=571"}],"version-history":[{"count":2,"href":"https:\/\/enlamira.info\/index.php\/wp-json\/wp\/v2\/posts\/571\/revisions"}],"predecessor-version":[{"id":575,"href":"https:\/\/enlamira.info\/index.php\/wp-json\/wp\/v2\/posts\/571\/revisions\/575"}],"wp:featuredmedia":[{"embeddable":true,"href":"https:\/\/enlamira.info\/index.php\/wp-json\/wp\/v2\/media\/573"}],"wp:attachment":[{"href":"https:\/\/enlamira.info\/index.php\/wp-json\/wp\/v2\/media?parent=571"}],"wp:term":[{"taxonomy":"category","embeddable":true,"href":"https:\/\/enlamira.info\/index.php\/wp-json\/wp\/v2\/categories?post=571"},{"taxonomy":"post_tag","embeddable":true,"href":"https:\/\/enlamira.info\/index.php\/wp-json\/wp\/v2\/tags?post=571"}],"curies":[{"name":"wp","href":"https:\/\/api.w.org\/{rel}","templated":true}]}}