{"id":566,"date":"2024-03-07T14:31:01","date_gmt":"2024-03-07T17:31:01","guid":{"rendered":"https:\/\/enlamira.info\/?p=566"},"modified":"2024-03-07T14:41:44","modified_gmt":"2024-03-07T17:41:44","slug":"milei-desmintio-a-la-mujer-que-dijo-ser-su-maestra-y-afirmo-embustera-mentirosa-y-farsante-robacamara","status":"publish","type":"post","link":"https:\/\/enlamira.info\/index.php\/2024\/03\/07\/milei-desmintio-a-la-mujer-que-dijo-ser-su-maestra-y-afirmo-embustera-mentirosa-y-farsante-robacamara\/","title":{"rendered":"Milei desminti\u00f3 a la mujer que dijo ser su maestra y afirm\u00f3: \u201cEmbustera, mentirosa y farsante robac\u00e1mara\u201d"},"content":{"rendered":"\n<p>El Presidente sostuvo que la mujer que apareci\u00f3 ayer ante los medios nunca fue su maestra. Por su parte, el colegio Cardenal Copello emiti\u00f3 un comunicado.<\/p>\n\n\n\n<p>Este mi\u00e9rcoles, cuando el presidente\u00a0Javier Milei\u00a0visit\u00f3 su antiguo colegio Cardenal Copello, una mujer\u00a0sostuvo ante los medios que hab\u00eda sido su maestra\u00a0e hizo\u00a0duras cr\u00edticas a las medidas del Gobierno. El mandatario y la instituci\u00f3n educativa\u00a0la desmintieron.<\/p>\n\n\n\n<p>\u201cYo soy jubilada y muy bien no estoy.\u00a0Estoy esperando que nos mejore la jubilaci\u00f3n y no nos apriete tanto\u201c, afirm\u00f3 Teresa frente a los medios.<\/p>\n\n\n\n<p>Horas m\u00e1s tarde, Milei hizo referencia a la mujer y la defini\u00f3 como una\u00a0\u201cgran farsante y mentirosa\u201d.<\/p>\n\n\n\n<p>Por su parte, el colegio Cardenal Copello emiti\u00f3 un comunicado\u00a0en que aclaran tambi\u00e9n que\u00a0\u201cla maestra Teresa\u201d no le dio clases a Javier Milei\u00a0seg\u00fan los registros de la instituci\u00f3n.<\/p>\n\n\n\n<p>El texto, manifestaron que las palabras de la mujer\u00a0\u201cno reflejan la posici\u00f3n\u201d\u00a0de la entidad educativa y consideran \u201cincorrecto\u201d lo dicho por la docente.<\/p>\n\n\n\n<p>En su cuenta de X, el Presidente comparti\u00f3 el comunicado y sostuvo:\u00a0\u201cDa prueba de la embustera y mentirosa de la maestra Teresa quien nunca fue mi maestra\u201d.<\/p>\n","protected":false},"excerpt":{"rendered":"<p>El Presidente sostuvo que la mujer que apareci\u00f3 ayer ante los medios nunca fue su maestra. Por su parte, el colegio Cardenal Copello emiti\u00f3 un comunicado. Este mi\u00e9rcoles, cuando el presidente\u00a0Javier Milei\u00a0visit\u00f3 su antiguo colegio Cardenal Copello, una mujer\u00a0sostuvo ante los medios que hab\u00eda sido su maestra\u00a0e hizo\u00a0duras cr\u00edticas a las medidas del Gobierno. El [&hellip;]<\/p>\n","protected":false},"author":2,"featured_media":568,"comment_status":"open","ping_status":"open","sticky":false,"template":"","format":"standard","meta":{"footnotes":""},"categories":[20],"tags":[],"_links":{"self":[{"href":"https:\/\/enlamira.info\/index.php\/wp-json\/wp\/v2\/posts\/566"}],"collection":[{"href":"https:\/\/enlamira.info\/index.php\/wp-json\/wp\/v2\/posts"}],"about":[{"href":"https:\/\/enlamira.info\/index.php\/wp-json\/wp\/v2\/types\/post"}],"author":[{"embeddable":true,"href":"https:\/\/enlamira.info\/index.php\/wp-json\/wp\/v2\/users\/2"}],"replies":[{"embeddable":true,"href":"https:\/\/enlamira.info\/index.php\/wp-json\/wp\/v2\/comments?post=566"}],"version-history":[{"count":2,"href":"https:\/\/enlamira.info\/index.php\/wp-json\/wp\/v2\/posts\/566\/revisions"}],"predecessor-version":[{"id":570,"href":"https:\/\/enlamira.info\/index.php\/wp-json\/wp\/v2\/posts\/566\/revisions\/570"}],"wp:featuredmedia":[{"embeddable":true,"href":"https:\/\/enlamira.info\/index.php\/wp-json\/wp\/v2\/media\/568"}],"wp:attachment":[{"href":"https:\/\/enlamira.info\/index.php\/wp-json\/wp\/v2\/media?parent=566"}],"wp:term":[{"taxonomy":"category","embeddable":true,"href":"https:\/\/enlamira.info\/index.php\/wp-json\/wp\/v2\/categories?post=566"},{"taxonomy":"post_tag","embeddable":true,"href":"https:\/\/enlamira.info\/index.php\/wp-json\/wp\/v2\/tags?post=566"}],"curies":[{"name":"wp","href":"https:\/\/api.w.org\/{rel}","templated":true}]}}