{"id":556,"date":"2024-03-07T14:28:18","date_gmt":"2024-03-07T17:28:18","guid":{"rendered":"https:\/\/enlamira.info\/?p=556"},"modified":"2024-03-07T14:44:34","modified_gmt":"2024-03-07T17:44:34","slug":"los-gobernadores-presentaran-sus-exigencias-en-casa-rosada-quienes-estan-dispuestos-a-negociar","status":"publish","type":"post","link":"https:\/\/enlamira.info\/index.php\/2024\/03\/07\/los-gobernadores-presentaran-sus-exigencias-en-casa-rosada-quienes-estan-dispuestos-a-negociar\/","title":{"rendered":"Los gobernadores presentar\u00e1n sus exigencias en Casa Rosada: quienes est\u00e1n dispuestos a negociar"},"content":{"rendered":"\n<p>El segundo encuentro formal del Gobierno con los mandatarios provinciales ser\u00e1 este viernes, desde las 15 horas.<\/p>\n\n\n\n<p>Este viernes a las 15 horas, el Gobierno de\u00a0Javier\u00a0Milei\u00a0recibir\u00e1 a m\u00e1s de 20 mandatarios provinciales en un encuentro que prev\u00e9 al an\u00e1lisis de ofertas y demandas de ambas partes, donde habr\u00e1 reclamos y exigencias.<\/p>\n\n\n\n<p>Desde la Casa Rosada aun no confirmaron si estar\u00e1 presente\u00a0Javier\u00a0Milei, pero dejaron una puerta abierta.<\/p>\n\n\n\n<p>\u201cEn principio, no va a estar\u201d, aseguraron desde el entorno del jefe de Estado. La reuni\u00f3n ser\u00e1 encabezada por los ministros\u00a0Guillermo Francos\u00a0(Interior) y\u00a0Nicol\u00e1s Posse\u00a0(Jefe de Gabinete).<\/p>\n\n\n\n<p>El ministro de Econom\u00eda, Luis \u201cToto\u201d Caputo, viaj\u00f3 anoche a Punta Cana para presenciar una reuni\u00f3n del Banco Interamericano de Desarrollo (BID).<\/p>\n\n\n\n<p>Esta semana, el\u00a0<strong>Ministerio de Econom\u00eda<\/strong>\u00a0se comprometi\u00f3 a analizar la posibilidad de permitir a los gobernadores de las provincias la toma directa de pr\u00e9stamos de organismos internacionales para proyectos de obra p\u00fablica, sin necesidad de intervenci\u00f3n del Poder Ejecutivo nacional. Sin embargo, descart\u00f3 la posibilidad de reanudar el env\u00edo del\u00a0fondo complementario salarial docente.<\/p>\n\n\n\n<p>Estas fueron algunas de las conclusiones del encuentro que tuvieron este mi\u00e9rcoles por la tarde los ministros de econom\u00eda de las provincias tras un encuentro con el secretario de Hacienda, Carlos Guberman, responsable de las cuentas fiscales nacionales.<\/p>\n\n\n\n<p>La discusi\u00f3n sobre un mecanismo para aumentar los env\u00edos de coparticipaci\u00f3n a las provincias se mantiene pendiente y se espera que se retome con mayor fuerza cuando los gobernadores se re\u00fanan directamente con la&nbsp;<strong>Casa Rosada<\/strong>&nbsp;en las pr\u00f3ximas horas.<\/p>\n\n\n\n<p>En el noveno piso del Palacio de Hacienda,\u00a0Guberman\u00a0recibi\u00f3 a ministros de hacienda y finanzas de todas las jurisdicciones, incluyendo las provincias y la Ciudad de Buenos Aires. Entre los presentes estuvieron Gustavo Arengo de la Ciudad de Buenos Aires, Pablo L\u00f3pez de la provincia de Buenos Aires, Pablo Olivares de Santa Fe, Guillermo Acosta de C\u00f3rdoba, V\u00edctor Fayad de Mendoza, Marcelo Rivas Piacentini de Corrientes, Adolfo Safr\u00e1n de Misiones y Atilio Chara de Santiago del Estero, entre otros.<\/p>\n\n\n\n<p>Ninguno de los gobernadores que estar\u00e1n presentes \u2013 que a esta altura de la semana son cerca de 20 \u2013 sabe con exactitud el contenido de la reuni\u00f3n. No hay un temario ni una especificaci\u00f3n de los puntos a tratar. Estiman que habr\u00e1 algunos detalles sobre el contenido del paquete de alivio fiscal que el Gobierno prometi\u00f3 tratar, a cambio de respaldo para aprobar una nueva Ley \u00d3mnibus.<\/p>\n\n\n\n<p>Axel Kicillof&nbsp; ratific\u00f3 que estar\u00e1 presente en la cumbre pol\u00edtica, pese a su postura cr\u00edtica la propuesta del mandatario. \u201cSi es reuni\u00f3n de trabajo, vamos a estar siempre\u201d, aseguraron en La Plata, reflotando las palabras del Gobernador en la apertura de sesiones de la Legislatura Bonaerense. La intenci\u00f3n del Gobernador no es ir solo a escuchar, como lo quiere hacer la mayor\u00eda, sino tambi\u00e9n reclamar por el impacto que han tenido algunas decisiones del Gobierno en la econom\u00eda de la provincia.<\/p>\n","protected":false},"excerpt":{"rendered":"<p>El segundo encuentro formal del Gobierno con los mandatarios provinciales ser\u00e1 este viernes, desde las 15 horas. Este viernes a las 15 horas, el Gobierno de\u00a0Javier\u00a0Milei\u00a0recibir\u00e1 a m\u00e1s de 20 mandatarios provinciales en un encuentro que prev\u00e9 al an\u00e1lisis de ofertas y demandas de ambas partes, donde habr\u00e1 reclamos y exigencias. Desde la Casa Rosada [&hellip;]<\/p>\n","protected":false},"author":2,"featured_media":558,"comment_status":"open","ping_status":"open","sticky":false,"template":"","format":"standard","meta":{"footnotes":""},"categories":[20],"tags":[],"_links":{"self":[{"href":"https:\/\/enlamira.info\/index.php\/wp-json\/wp\/v2\/posts\/556"}],"collection":[{"href":"https:\/\/enlamira.info\/index.php\/wp-json\/wp\/v2\/posts"}],"about":[{"href":"https:\/\/enlamira.info\/index.php\/wp-json\/wp\/v2\/types\/post"}],"author":[{"embeddable":true,"href":"https:\/\/enlamira.info\/index.php\/wp-json\/wp\/v2\/users\/2"}],"replies":[{"embeddable":true,"href":"https:\/\/enlamira.info\/index.php\/wp-json\/wp\/v2\/comments?post=556"}],"version-history":[{"count":2,"href":"https:\/\/enlamira.info\/index.php\/wp-json\/wp\/v2\/posts\/556\/revisions"}],"predecessor-version":[{"id":560,"href":"https:\/\/enlamira.info\/index.php\/wp-json\/wp\/v2\/posts\/556\/revisions\/560"}],"wp:featuredmedia":[{"embeddable":true,"href":"https:\/\/enlamira.info\/index.php\/wp-json\/wp\/v2\/media\/558"}],"wp:attachment":[{"href":"https:\/\/enlamira.info\/index.php\/wp-json\/wp\/v2\/media?parent=556"}],"wp:term":[{"taxonomy":"category","embeddable":true,"href":"https:\/\/enlamira.info\/index.php\/wp-json\/wp\/v2\/categories?post=556"},{"taxonomy":"post_tag","embeddable":true,"href":"https:\/\/enlamira.info\/index.php\/wp-json\/wp\/v2\/tags?post=556"}],"curies":[{"name":"wp","href":"https:\/\/api.w.org\/{rel}","templated":true}]}}