{"id":551,"date":"2024-03-07T14:26:44","date_gmt":"2024-03-07T17:26:44","guid":{"rendered":"https:\/\/enlamira.info\/?p=551"},"modified":"2024-03-07T16:46:35","modified_gmt":"2024-03-07T19:46:35","slug":"ganancias-milei-amenaza-a-las-provincias-con-el-cobro-retroactivo-del-impuesto","status":"publish","type":"post","link":"https:\/\/enlamira.info\/index.php\/2024\/03\/07\/ganancias-milei-amenaza-a-las-provincias-con-el-cobro-retroactivo-del-impuesto\/","title":{"rendered":"Ganancias: Milei amenaza a las provincias con el cobro retroactivo del impuesto"},"content":{"rendered":"\n<p>En la previa del encuentro de este viernes con los gobernadores, el ministro del Interior, Guillermo Francos, asegur\u00f3 que est\u00e1n analizando c\u00f3mo gestionar\u00e1 el Estado la deuda de cuatro meses de 2023, que no fueron abonadas por las provincias.<\/p>\n\n\n\n<p>El ministro del Interior,\u00a0Guillermo\u00a0Francos, alert\u00f3 este jueves que el gobierno de Javier Milei podr\u00eda cobrar el Impuesto a las Ganancias de forma retroactiva por defectos en la ley aprobada a fines del a\u00f1o pasado.<\/p>\n\n\n\n<p>Este viernes a las 15 horas, el Gobierno recibir\u00e1 a m\u00e1s de 20 mandatarios provinciales en un encuentro que prev\u00e9 al an\u00e1lisis de ofertas y demandas de ambas partes, donde habr\u00e1 reclamos y exigencias.<\/p>\n\n\n\n<p>Desde la Casa Rosada aun no confirmaron si estar\u00e1 presente\u00a0Javier\u00a0Milei, pero dejaron una puerta abierta.<\/p>\n\n\n\n<p>\u201cEn principio, no va a estar\u201d, aseguraron desde el entorno del jefe de Estado. La reuni\u00f3n ser\u00e1 encabezada por los ministros\u00a0Guillermo Francos\u00a0(Interior) y\u00a0Nicol\u00e1s Posse\u00a0(Jefe de Gabinete).<\/p>\n\n\n\n<p>En la previa, Francos record\u00f3 que la normativa sancionada por el Congreso respecto a ganancias estableci\u00f3 un nuevo piso para los trabajadores en relaci\u00f3n de dependencia para el per\u00edodo fiscal 2024, y dijo que no se cobro el gravamen sobre los ingresos en el \u00faltimo trimestre del a\u00f1o anterior.<\/p>\n\n\n\n<p>\u201cSe hizo tan mal el tema del decreto, que sancion\u00f3 el gobierno de Massa por el cual se quit\u00f3 la atribuci\u00f3n (a las empresas) de hacer las retenciones a los trabajadores en relaci\u00f3n de dependencia. Y cuando se sanciona la ley, se sanciona para el per\u00edodo fiscal siguiente, para 2024. En los meses de 2023 en los que no se hizo la retenci\u00f3n, no qued\u00f3 eximido el impuesto\u201d, sostuvo Francos en declaraciones a Radio Rivadavia.<\/p>\n\n\n\n<p>En esa l\u00ednea, desde el entorno del Ministro calculan que ser\u00edan unos $2200 millones en concepto de salarios que ya se pagaron, y que generar\u00eda deudas que parten desde los $500 mil por contribuyente.<\/p>\n\n\n\n<p>\u201cToda esa gente que qued\u00f3 en esa situaci\u00f3n, si el tema no se soluciona con esta ley, van a quedar sujetos a pagar por ese trimestre de 2023, porque eso es el per\u00edodo fiscal 2023, y la ley lo plante\u00f3 para 2024. Es un tema que hay que solucionar\u201d, advirtieron.<\/p>\n","protected":false},"excerpt":{"rendered":"<p>En la previa del encuentro de este viernes con los gobernadores, el ministro del Interior, Guillermo Francos, asegur\u00f3 que est\u00e1n analizando c\u00f3mo gestionar\u00e1 el Estado la deuda de cuatro meses de 2023, que no fueron abonadas por las provincias. El ministro del Interior,\u00a0Guillermo\u00a0Francos, alert\u00f3 este jueves que el gobierno de Javier Milei podr\u00eda cobrar el [&hellip;]<\/p>\n","protected":false},"author":2,"featured_media":553,"comment_status":"open","ping_status":"open","sticky":false,"template":"","format":"standard","meta":{"footnotes":""},"categories":[20],"tags":[],"_links":{"self":[{"href":"https:\/\/enlamira.info\/index.php\/wp-json\/wp\/v2\/posts\/551"}],"collection":[{"href":"https:\/\/enlamira.info\/index.php\/wp-json\/wp\/v2\/posts"}],"about":[{"href":"https:\/\/enlamira.info\/index.php\/wp-json\/wp\/v2\/types\/post"}],"author":[{"embeddable":true,"href":"https:\/\/enlamira.info\/index.php\/wp-json\/wp\/v2\/users\/2"}],"replies":[{"embeddable":true,"href":"https:\/\/enlamira.info\/index.php\/wp-json\/wp\/v2\/comments?post=551"}],"version-history":[{"count":2,"href":"https:\/\/enlamira.info\/index.php\/wp-json\/wp\/v2\/posts\/551\/revisions"}],"predecessor-version":[{"id":555,"href":"https:\/\/enlamira.info\/index.php\/wp-json\/wp\/v2\/posts\/551\/revisions\/555"}],"wp:featuredmedia":[{"embeddable":true,"href":"https:\/\/enlamira.info\/index.php\/wp-json\/wp\/v2\/media\/553"}],"wp:attachment":[{"href":"https:\/\/enlamira.info\/index.php\/wp-json\/wp\/v2\/media?parent=551"}],"wp:term":[{"taxonomy":"category","embeddable":true,"href":"https:\/\/enlamira.info\/index.php\/wp-json\/wp\/v2\/categories?post=551"},{"taxonomy":"post_tag","embeddable":true,"href":"https:\/\/enlamira.info\/index.php\/wp-json\/wp\/v2\/tags?post=551"}],"curies":[{"name":"wp","href":"https:\/\/api.w.org\/{rel}","templated":true}]}}