{"id":536,"date":"2024-03-07T14:22:33","date_gmt":"2024-03-07T17:22:33","guid":{"rendered":"https:\/\/enlamira.info\/?p=536"},"modified":"2024-03-07T16:50:02","modified_gmt":"2024-03-07T19:50:02","slug":"la-inflacion-de-caba-fue-de-141-en-febrero-producto-de-una-fuerte-baja-en-el-consumo","status":"publish","type":"post","link":"https:\/\/enlamira.info\/index.php\/2024\/03\/07\/la-inflacion-de-caba-fue-de-141-en-febrero-producto-de-una-fuerte-baja-en-el-consumo\/","title":{"rendered":"La inflaci\u00f3n de CABA fue de 14,1% en febrero, producto de una fuerte baja en el consumo"},"content":{"rendered":"\n<p>Marcado por la constante suba de alimentos, transporte y vivienda, el segundo mes del a\u00f1o mostr\u00f3 una desaceleraci\u00f3n respecto a su antecesor. Se espera el dato a nivel nacional para la pr\u00f3xima semana.<\/p>\n\n\n\n<p>En medio de\u00a0la fuerte recesi\u00f3n\u00a0y la baja en el consumo, el dato de inflaci\u00f3n para el mes de febrero, en\u00a0Ciudad de Buenos Aires, fue del\u00a014,1%,\u00a0seg\u00fan destac\u00f3 la Direcci\u00f3n General de Estad\u00edstica y Censos porte\u00f1a. La cifra muestra una desaceleraci\u00f3n respecto a enero, que trep\u00f3 al 24,1 por ciento.<\/p>\n\n\n\n<p>Seg\u00fan el relevamiento porte\u00f1o, el\u00a0\u00cdndice de Precios al Consumidor de la Ciudad\u00a0(IPCBA) del 2024 acumula un 38,9% en lo que va de este a\u00f1o, mientras que en los \u00a0\u00faltimos 12 meses, la\u00a0variaci\u00f3n interanual alcanz\u00f3 el 264,5%.<\/p>\n\n\n\n<p>Entre los rubros que m\u00e1s incrementos mostraron en febrero se encuentran\u00a0alimentos, transporte y salud.\u00a0Siendo este \u00faltimo sector el de mayor suba, por el aumento en las cuotas de las prepagas y los medicamentos, que saltaron m\u00e1s de un 200%.<\/p>\n\n\n\n<p>De este modo, el ente porte\u00f1o refiri\u00f3 que\u00a0salud report\u00f3 un alza de 21,1%;\u00a0Transporte registr\u00f3 un alza del 21%\u00a0por\u00a0el aumento en las tarifas\u00a0de colectivos y de los precios de los combustibles.<\/p>\n\n\n\n<p>Por su parte, el sector de\u00a0alimentos y bebidas no alcoh\u00f3licas, promedi\u00f3 una suba de 14,7%. En esta categor\u00eda el mayor incremento se reflej\u00f3 en el \u00e1rea de Pan y cereales (16,4%); Leche, productos l\u00e1cteos y huevos (17,1%) y Carnes y sus derivados (7,9%).<\/p>\n\n\n\n<p>Respecto al \u00edndice a nivel nacional, se espera que el pr\u00f3ximo martes 12 de marzo, el\u00a0Instituto Nacional de Estad\u00edsticas y Censos\u00a0(INDEC) anuncie la inflaci\u00f3n de febrero, que se espera est\u00e9 en torno al 15%, como vaticin\u00f3\u00a0<a href=\"https:\/\/www.nexofin.com\/notas\/1134662-causa-vialidad-cristina-kirchner-reclamo-su-absolucion-y-exhibio-el-respaldo-del-procurador-general-n-\/\" target=\"_blank\" rel=\"noreferrer noopener\">el presidente<\/a>\u00a0Javier Milei\u00a0en los \u00faltimos d\u00edas, basado en el REM del\u00a0Banco Central\u00a0que anunci\u00f3 un 15,8% de incremento.<\/p>\n","protected":false},"excerpt":{"rendered":"<p>Marcado por la constante suba de alimentos, transporte y vivienda, el segundo mes del a\u00f1o mostr\u00f3 una desaceleraci\u00f3n respecto a su antecesor. Se espera el dato a nivel nacional para la pr\u00f3xima semana. En medio de\u00a0la fuerte recesi\u00f3n\u00a0y la baja en el consumo, el dato de inflaci\u00f3n para el mes de febrero, en\u00a0Ciudad de Buenos [&hellip;]<\/p>\n","protected":false},"author":2,"featured_media":538,"comment_status":"open","ping_status":"open","sticky":false,"template":"","format":"standard","meta":{"footnotes":""},"categories":[22],"tags":[],"_links":{"self":[{"href":"https:\/\/enlamira.info\/index.php\/wp-json\/wp\/v2\/posts\/536"}],"collection":[{"href":"https:\/\/enlamira.info\/index.php\/wp-json\/wp\/v2\/posts"}],"about":[{"href":"https:\/\/enlamira.info\/index.php\/wp-json\/wp\/v2\/types\/post"}],"author":[{"embeddable":true,"href":"https:\/\/enlamira.info\/index.php\/wp-json\/wp\/v2\/users\/2"}],"replies":[{"embeddable":true,"href":"https:\/\/enlamira.info\/index.php\/wp-json\/wp\/v2\/comments?post=536"}],"version-history":[{"count":2,"href":"https:\/\/enlamira.info\/index.php\/wp-json\/wp\/v2\/posts\/536\/revisions"}],"predecessor-version":[{"id":539,"href":"https:\/\/enlamira.info\/index.php\/wp-json\/wp\/v2\/posts\/536\/revisions\/539"}],"wp:featuredmedia":[{"embeddable":true,"href":"https:\/\/enlamira.info\/index.php\/wp-json\/wp\/v2\/media\/538"}],"wp:attachment":[{"href":"https:\/\/enlamira.info\/index.php\/wp-json\/wp\/v2\/media?parent=536"}],"wp:term":[{"taxonomy":"category","embeddable":true,"href":"https:\/\/enlamira.info\/index.php\/wp-json\/wp\/v2\/categories?post=536"},{"taxonomy":"post_tag","embeddable":true,"href":"https:\/\/enlamira.info\/index.php\/wp-json\/wp\/v2\/tags?post=536"}],"curies":[{"name":"wp","href":"https:\/\/api.w.org\/{rel}","templated":true}]}}