{"id":531,"date":"2024-03-07T14:20:59","date_gmt":"2024-03-07T17:20:59","guid":{"rendered":"https:\/\/enlamira.info\/?p=531"},"modified":"2024-03-07T16:52:01","modified_gmt":"2024-03-07T19:52:01","slug":"mauricio-macri-elogio-a-milei-son-las-mismas-ideas-que-tenia-yo-pero-el-lo-hace-a-fondo","status":"publish","type":"post","link":"https:\/\/enlamira.info\/index.php\/2024\/03\/07\/mauricio-macri-elogio-a-milei-son-las-mismas-ideas-que-tenia-yo-pero-el-lo-hace-a-fondo\/","title":{"rendered":"Mauricio Macri elogi\u00f3 a Milei: \u201cSon las mismas ideas que ten\u00eda yo, pero \u00e9l lo hace a fondo\u201d"},"content":{"rendered":"\n<p>El ex presidente visit\u00f3 la muestra agraria de San Nicol\u00e1s en donde se refiri\u00f3 a las pol\u00edticas econ\u00f3micas del actual Gobierno y remarc\u00f3 que est\u00e1n \u201creorganizando\u201d el PRO.<\/p>\n\n\n\n<p>En el marco de su vista a ExpoAgro, el ex presidente\u00a0Mauricio Macri\u00a0opin\u00f3 sobre el\u00a0actual Gobierno\u00a0libertario y dispar\u00f3 elogios para\u00a0Javier Milei.\u00a0Al mismo tiempo se refiri\u00f3 a la interna en el\u00a0PRO\u00a0y destac\u00f3 que est\u00e1 \u201creorganizando el partido\u201d\u00a0de acuerdo a los nuevos vientos de cambio.<\/p>\n\n\n\n<p>\u201cLo que he visto hasta ahora es que tenemos\u00a0un presidente bien intencionado, honesto, con una visi\u00f3n muy clara, para mi brillante de hacia d\u00f3nde quiere ir, que es capaz de defenderla con mucho coraje\u201d, sostuvo Macri sobre el presidente Javier Milei.<\/p>\n\n\n\n<p>En su discurso ante empresarios del sector del agro, el\u00a0ex mandatario\u00a0reclam\u00f3 que se eliminen las retenciones, algo que no logr\u00f3 llevar adelante durante sus cuatro a\u00f1os de mandato, aunque reconoci\u00f3 que el trabajo del equipo de Gobierno es \u201cen favor de los argentinos de bien\u201d.<\/p>\n\n\n\n<p>\u201cCon Milei gener\u00e9 una relaci\u00f3n reciente, lo voy conociendo paulatinamente, y puedo ver que es una persona bien intencionada, que dice la verdad y tiene una determinaci\u00f3n para llevar sus ideas adelante que es envidiable. Son las mismas ideas que ten\u00eda yo, pero \u00e9l lo hace a fondo\u201d, destac\u00f3 Macri.<\/p>\n\n\n\n<p>En ese sentido el fundador del PRO remarc\u00f3 el esfuerzo de\u00a0Milei\u00a0al que calific\u00f3 de un \u201cverdadero outsider\u201d de la pol\u00edtica, sin equipo, ni apoyo, \u201cEs \u00e9l, su hermana y las redes sociales.\u00a0No es\u00a0(Donald) Trump, que ten\u00eda el\u00a0Partido Republicano\u00a0atr\u00e1s, no es\u00a0(Jair) Bolsonaro,\u00a0que ten\u00eda atr\u00e1s el ej\u00e9rcito. Lleg\u00f3 porque ustedes los argentinos quer\u00edan un shock del sistema pol\u00edtico\u201d, dijo durante la charla ante referentes de la agroindustria.<\/p>\n\n\n\n<p>\u201cA nosotros nos toca estar a la altura de la circunstancia, ser generosos y humildes en la defensa de las ideas de fondo\u201d, coment\u00f3 el ex l\u00edder del Ejecutivo nacional en torno a la disputa de poder que se cierne sobre el PRO, tras la elecci\u00f3n de\u00a0Patricia Bullrich\u00a0de llamar a elecciones internas.<\/p>\n\n\n\n<p>En ese sentido, explic\u00f3 \u201cestamos reorganizando el partido\u201d para estar a la altura de las circunstancias, al mismo tiempo que brind\u00f3 su apoyo para la presentaci\u00f3n de la nueva\u00a0Ley \u00d3mnibus\u00a0en el\u00a0Congreso, \u201cLa ley Bases y el DNU van en l\u00ednea con lo que dijo el presidente Milei: devolverle la libertad a los argentinos\u201d, concluy\u00f3 el ex empresario.<\/p>\n","protected":false},"excerpt":{"rendered":"<p>El ex presidente visit\u00f3 la muestra agraria de San Nicol\u00e1s en donde se refiri\u00f3 a las pol\u00edticas econ\u00f3micas del actual Gobierno y remarc\u00f3 que est\u00e1n \u201creorganizando\u201d el PRO. En el marco de su vista a ExpoAgro, el ex presidente\u00a0Mauricio Macri\u00a0opin\u00f3 sobre el\u00a0actual Gobierno\u00a0libertario y dispar\u00f3 elogios para\u00a0Javier Milei.\u00a0Al mismo tiempo se refiri\u00f3 a la interna [&hellip;]<\/p>\n","protected":false},"author":2,"featured_media":534,"comment_status":"open","ping_status":"open","sticky":false,"template":"","format":"standard","meta":{"footnotes":""},"categories":[14],"tags":[],"_links":{"self":[{"href":"https:\/\/enlamira.info\/index.php\/wp-json\/wp\/v2\/posts\/531"}],"collection":[{"href":"https:\/\/enlamira.info\/index.php\/wp-json\/wp\/v2\/posts"}],"about":[{"href":"https:\/\/enlamira.info\/index.php\/wp-json\/wp\/v2\/types\/post"}],"author":[{"embeddable":true,"href":"https:\/\/enlamira.info\/index.php\/wp-json\/wp\/v2\/users\/2"}],"replies":[{"embeddable":true,"href":"https:\/\/enlamira.info\/index.php\/wp-json\/wp\/v2\/comments?post=531"}],"version-history":[{"count":2,"href":"https:\/\/enlamira.info\/index.php\/wp-json\/wp\/v2\/posts\/531\/revisions"}],"predecessor-version":[{"id":535,"href":"https:\/\/enlamira.info\/index.php\/wp-json\/wp\/v2\/posts\/531\/revisions\/535"}],"wp:featuredmedia":[{"embeddable":true,"href":"https:\/\/enlamira.info\/index.php\/wp-json\/wp\/v2\/media\/534"}],"wp:attachment":[{"href":"https:\/\/enlamira.info\/index.php\/wp-json\/wp\/v2\/media?parent=531"}],"wp:term":[{"taxonomy":"category","embeddable":true,"href":"https:\/\/enlamira.info\/index.php\/wp-json\/wp\/v2\/categories?post=531"},{"taxonomy":"post_tag","embeddable":true,"href":"https:\/\/enlamira.info\/index.php\/wp-json\/wp\/v2\/tags?post=531"}],"curies":[{"name":"wp","href":"https:\/\/api.w.org\/{rel}","templated":true}]}}