{"id":522,"date":"2024-03-07T14:18:47","date_gmt":"2024-03-07T17:18:47","guid":{"rendered":"https:\/\/enlamira.info\/?p=522"},"modified":"2024-03-07T16:54:20","modified_gmt":"2024-03-07T19:54:20","slug":"carlos-tevez-puso-en-duda-su-continuidad-en-independiente-y-volvio-a-tuitear","status":"publish","type":"post","link":"https:\/\/enlamira.info\/index.php\/2024\/03\/07\/carlos-tevez-puso-en-duda-su-continuidad-en-independiente-y-volvio-a-tuitear\/","title":{"rendered":"Carlos Tevez puso en duda su continuidad en Independiente y volvi\u00f3 a tuitear"},"content":{"rendered":"\n<p>\u201cSi perjudico a Independiente tendr\u00e9 que dar un paso al costado\u201d, avis\u00f3 el t\u00e9cnico.<\/p>\n\n\n\n<p>El d\u00eda despu\u00e9s del pol\u00e9mico partido de Independiente ante Barracas Central, en el cual\u00a0<em>el Rojo<\/em>\u00a0fue perjudicado y estall\u00f3 la crisis arbitral,\u00a0Carlos Tevez volvi\u00f3 a alzar la voz.<\/p>\n\n\n\n<p>Este mediod\u00eda en una conferencia de prensa junto al presidente N\u00e9stor Grindetti,\u00a0el t\u00e9cnico puso en duda su continuidad: \u201cSi salgo a decir una cosa y perjudica a Independiente, tendr\u00e9 que dar un paso al costado.\u00a0Es lo que menos quiero porque soy agradecido a este club\u201d.<\/p>\n\n\n\n<p>Lejos de retractarse, Carlitos se mostr\u00f3 firme en sus palabras post partido: \u201cHoy m\u00e1s tranquilo\u00a0sigo insistiendo que nos robaron.\u00a0Sigo mirando la jugada, las chiquitas, todo, y sigo insistiendo que lo perjudicaron a Independiente\u201d. Por sus declaraciones\u00a0la Asociaci\u00f3n Argentina de \u00c1rbitros lo llevar\u00e1 a la Justicia.<\/p>\n\n\n\n<p><em>El Apache<\/em>\u00a0tambi\u00e9n se refiri\u00f3 a su cruce tuitero con Toviggino, mano derecha de Tapia y Tesorero de AFA: \u201cLo de Toviggino es personal. Lo arreglamos en Twitter o donde \u00e9l quiera. Despu\u00e9s lo de Pablo que vaya a la Justicia. Lo arreglamos en la Justicia o donde \u00e9l quiera. No le debo nada a nadie\u201d.<\/p>\n\n\n\n<p>Hoy por la tarde, Tevez volvi\u00f3 a activar su cuenta de X (ex Twitter) para enviarle un mensaje a quienes quieren meter a la pol\u00edtica en el medio:\u00a0\u201cNi macrista ni kirchnerista ni libertario ni lo que quieran poner. \u00a1Esto no es pol\u00edtico, este es Carlos Tevez! Ni chorro ni polic\u00eda contra los t\u00edteres. \u00a1Y quien quiera subir al ring\u2026donde quieran!\u201d<\/p>\n","protected":false},"excerpt":{"rendered":"<p>\u201cSi perjudico a Independiente tendr\u00e9 que dar un paso al costado\u201d, avis\u00f3 el t\u00e9cnico. El d\u00eda despu\u00e9s del pol\u00e9mico partido de Independiente ante Barracas Central, en el cual\u00a0el Rojo\u00a0fue perjudicado y estall\u00f3 la crisis arbitral,\u00a0Carlos Tevez volvi\u00f3 a alzar la voz. Este mediod\u00eda en una conferencia de prensa junto al presidente N\u00e9stor Grindetti,\u00a0el t\u00e9cnico puso [&hellip;]<\/p>\n","protected":false},"author":2,"featured_media":524,"comment_status":"open","ping_status":"open","sticky":false,"template":"","format":"standard","meta":{"footnotes":""},"categories":[14],"tags":[],"_links":{"self":[{"href":"https:\/\/enlamira.info\/index.php\/wp-json\/wp\/v2\/posts\/522"}],"collection":[{"href":"https:\/\/enlamira.info\/index.php\/wp-json\/wp\/v2\/posts"}],"about":[{"href":"https:\/\/enlamira.info\/index.php\/wp-json\/wp\/v2\/types\/post"}],"author":[{"embeddable":true,"href":"https:\/\/enlamira.info\/index.php\/wp-json\/wp\/v2\/users\/2"}],"replies":[{"embeddable":true,"href":"https:\/\/enlamira.info\/index.php\/wp-json\/wp\/v2\/comments?post=522"}],"version-history":[{"count":1,"href":"https:\/\/enlamira.info\/index.php\/wp-json\/wp\/v2\/posts\/522\/revisions"}],"predecessor-version":[{"id":523,"href":"https:\/\/enlamira.info\/index.php\/wp-json\/wp\/v2\/posts\/522\/revisions\/523"}],"wp:featuredmedia":[{"embeddable":true,"href":"https:\/\/enlamira.info\/index.php\/wp-json\/wp\/v2\/media\/524"}],"wp:attachment":[{"href":"https:\/\/enlamira.info\/index.php\/wp-json\/wp\/v2\/media?parent=522"}],"wp:term":[{"taxonomy":"category","embeddable":true,"href":"https:\/\/enlamira.info\/index.php\/wp-json\/wp\/v2\/categories?post=522"},{"taxonomy":"post_tag","embeddable":true,"href":"https:\/\/enlamira.info\/index.php\/wp-json\/wp\/v2\/tags?post=522"}],"curies":[{"name":"wp","href":"https:\/\/api.w.org\/{rel}","templated":true}]}}