{"id":508,"date":"2024-03-07T14:13:55","date_gmt":"2024-03-07T17:13:55","guid":{"rendered":"https:\/\/enlamira.info\/?p=508"},"modified":"2024-03-07T16:59:55","modified_gmt":"2024-03-07T19:59:55","slug":"caruso-lombardi-y-una-picante-frase-sobre-messi-no-le-interesa-lo-que-pasa-en-el-futbol-argentino","status":"publish","type":"post","link":"https:\/\/enlamira.info\/index.php\/2024\/03\/07\/caruso-lombardi-y-una-picante-frase-sobre-messi-no-le-interesa-lo-que-pasa-en-el-futbol-argentino\/","title":{"rendered":"Caruso Lombardi y una picante frase sobre Messi: \u201cNo le interesa lo que pasa en el f\u00fatbol argentino\u201d"},"content":{"rendered":"\n<p>El ex director t\u00e9cnico de San Lorenzo y Racing habl\u00f3 sobre el diez tras la pol\u00e9mica con los arbitrajes en el f\u00fatbol argentino.<\/p>\n\n\n\n<p>Las pol\u00e9micas frases de\u00a0Carlos Tevez\u00a0tras el duelo entre\u00a0Independiente y Barracas Central\u00a0terminaron por escalar al punto de que el\u00a0Kun Aguero sali\u00f3 a defenderlo en las redes sociales. Esto despert\u00f3 opiniones de todo tipo, incluidas de\u00a0Caruso Lombardi, quien hasta meti\u00f3 a Lionel Messi en la discusi\u00f3n.\u00a0<\/p>\n\n\n\n<p>El ex director t\u00e9cnico de\u00a0Racing y San Lorenzo, entre otros clubes, declar\u00f3:\u00a0\u201cSi Messi dijera: \u2018Che, a Newell\u2019s no lo caguen m\u00e1s\u2019 qu\u00e9date tranquilo que a Newell\u2019s no le cobran m\u00e1s un lateral en contra\u201d.\u00a0<\/p>\n\n\n\n<p>En dialogo con\u00a0Radio Splendid, dej\u00f3 otro palito para el capit\u00e1n de la\u00a0Selecci\u00f3n Argentina: \u201cPero bueno, no les importa a ellos. Est\u00e1n en otro mundo, no les interesa lo de ac\u00e1\u201d.\u00a0<\/p>\n\n\n\n<p>Por su parte, el diez del\u00a0Inter Miami\u00a0tendr\u00e1 su debut en la\u00a0CONCACAF Champions 2024, donde el las Garzas se enfrentaran esta noche a\u00a0Nashville SC.\u00a0<\/p>\n","protected":false},"excerpt":{"rendered":"<p>El ex director t\u00e9cnico de San Lorenzo y Racing habl\u00f3 sobre el diez tras la pol\u00e9mica con los arbitrajes en el f\u00fatbol argentino. Las pol\u00e9micas frases de\u00a0Carlos Tevez\u00a0tras el duelo entre\u00a0Independiente y Barracas Central\u00a0terminaron por escalar al punto de que el\u00a0Kun Aguero sali\u00f3 a defenderlo en las redes sociales. Esto despert\u00f3 opiniones de todo tipo, [&hellip;]<\/p>\n","protected":false},"author":2,"featured_media":510,"comment_status":"open","ping_status":"open","sticky":false,"template":"","format":"standard","meta":{"footnotes":""},"categories":[14],"tags":[],"_links":{"self":[{"href":"https:\/\/enlamira.info\/index.php\/wp-json\/wp\/v2\/posts\/508"}],"collection":[{"href":"https:\/\/enlamira.info\/index.php\/wp-json\/wp\/v2\/posts"}],"about":[{"href":"https:\/\/enlamira.info\/index.php\/wp-json\/wp\/v2\/types\/post"}],"author":[{"embeddable":true,"href":"https:\/\/enlamira.info\/index.php\/wp-json\/wp\/v2\/users\/2"}],"replies":[{"embeddable":true,"href":"https:\/\/enlamira.info\/index.php\/wp-json\/wp\/v2\/comments?post=508"}],"version-history":[{"count":2,"href":"https:\/\/enlamira.info\/index.php\/wp-json\/wp\/v2\/posts\/508\/revisions"}],"predecessor-version":[{"id":512,"href":"https:\/\/enlamira.info\/index.php\/wp-json\/wp\/v2\/posts\/508\/revisions\/512"}],"wp:featuredmedia":[{"embeddable":true,"href":"https:\/\/enlamira.info\/index.php\/wp-json\/wp\/v2\/media\/510"}],"wp:attachment":[{"href":"https:\/\/enlamira.info\/index.php\/wp-json\/wp\/v2\/media?parent=508"}],"wp:term":[{"taxonomy":"category","embeddable":true,"href":"https:\/\/enlamira.info\/index.php\/wp-json\/wp\/v2\/categories?post=508"},{"taxonomy":"post_tag","embeddable":true,"href":"https:\/\/enlamira.info\/index.php\/wp-json\/wp\/v2\/tags?post=508"}],"curies":[{"name":"wp","href":"https:\/\/api.w.org\/{rel}","templated":true}]}}