{"id":493,"date":"2024-03-07T14:09:49","date_gmt":"2024-03-07T17:09:49","guid":{"rendered":"https:\/\/enlamira.info\/?p=493"},"modified":"2024-03-07T17:00:16","modified_gmt":"2024-03-07T20:00:16","slug":"bombazo-el-gigante-europeo-que-sigue-de-cerca-a-alan-varela","status":"publish","type":"post","link":"https:\/\/enlamira.info\/index.php\/2024\/03\/07\/bombazo-el-gigante-europeo-que-sigue-de-cerca-a-alan-varela\/","title":{"rendered":"Bombazo: el gigante europeo que sigue de cerca a Alan Varela"},"content":{"rendered":"\n<p>El ex jugador de Boca est\u00e1 en la lista de uno de los equipos m\u00e1s poderosos del Viejo Continente<\/p>\n\n\n\n<p>Alan Varela\u00a0abandon\u00f3\u00a0Boca\u00a0durante la temporada pasada para comenzar su carrera en Europa, donde fich\u00f3 por el Porto de Portugal, donde realiz\u00f3 una gran primera temporada y llam\u00f3 la atenci\u00f3n de los grandes clubes del Viejo Continente.<\/p>\n\n\n\n<p>El mediocampista es uno de los jugadores con gran rendimiento y constante en la liga portuguesa, por lo que es normal que los grandes equipos se fijen en el. En este caso, el interesado es nada m\u00e1s y nada menos que\u00a0el Paris Saint-Germain de Luis Enrique.<\/p>\n\n\n\n<p>De cara a un mercado de pases donde tendr\u00e1n que moverse estrat\u00e9gicamente para cubrir la baja de\u00a0Kylian Mbapp\u00e9\u00a0en la delantera, el conjunto parisino tambi\u00e9n busca reforzar el resto de \u00e1reas, incluido el mediocampo, donde Alan Varela podr\u00eda tener un rol protag\u00f3nico.<\/p>\n\n\n\n<p>De igual manera, no lo tendr\u00e1n nada f\u00e1cil, ya que tendr\u00e1n que competir con grandes equipos, como lo son\u00a0Manchester City, West Ham y Liverpool.\u00a0Justamente, en las \u00faltimas semanas comenz\u00f3 a tomar fuerza su posible llegada a los Reds, quienes deber\u00edan abonar cerca de\u00a070 millones por su traspaso.\u00a0<\/p>\n","protected":false},"excerpt":{"rendered":"<p>El ex jugador de Boca est\u00e1 en la lista de uno de los equipos m\u00e1s poderosos del Viejo Continente Alan Varela\u00a0abandon\u00f3\u00a0Boca\u00a0durante la temporada pasada para comenzar su carrera en Europa, donde fich\u00f3 por el Porto de Portugal, donde realiz\u00f3 una gran primera temporada y llam\u00f3 la atenci\u00f3n de los grandes clubes del Viejo Continente. El [&hellip;]<\/p>\n","protected":false},"author":2,"featured_media":495,"comment_status":"open","ping_status":"open","sticky":false,"template":"","format":"standard","meta":{"footnotes":""},"categories":[14],"tags":[],"_links":{"self":[{"href":"https:\/\/enlamira.info\/index.php\/wp-json\/wp\/v2\/posts\/493"}],"collection":[{"href":"https:\/\/enlamira.info\/index.php\/wp-json\/wp\/v2\/posts"}],"about":[{"href":"https:\/\/enlamira.info\/index.php\/wp-json\/wp\/v2\/types\/post"}],"author":[{"embeddable":true,"href":"https:\/\/enlamira.info\/index.php\/wp-json\/wp\/v2\/users\/2"}],"replies":[{"embeddable":true,"href":"https:\/\/enlamira.info\/index.php\/wp-json\/wp\/v2\/comments?post=493"}],"version-history":[{"count":2,"href":"https:\/\/enlamira.info\/index.php\/wp-json\/wp\/v2\/posts\/493\/revisions"}],"predecessor-version":[{"id":496,"href":"https:\/\/enlamira.info\/index.php\/wp-json\/wp\/v2\/posts\/493\/revisions\/496"}],"wp:featuredmedia":[{"embeddable":true,"href":"https:\/\/enlamira.info\/index.php\/wp-json\/wp\/v2\/media\/495"}],"wp:attachment":[{"href":"https:\/\/enlamira.info\/index.php\/wp-json\/wp\/v2\/media?parent=493"}],"wp:term":[{"taxonomy":"category","embeddable":true,"href":"https:\/\/enlamira.info\/index.php\/wp-json\/wp\/v2\/categories?post=493"},{"taxonomy":"post_tag","embeddable":true,"href":"https:\/\/enlamira.info\/index.php\/wp-json\/wp\/v2\/tags?post=493"}],"curies":[{"name":"wp","href":"https:\/\/api.w.org\/{rel}","templated":true}]}}