{"id":472,"date":"2024-03-06T17:39:01","date_gmt":"2024-03-06T20:39:01","guid":{"rendered":"https:\/\/enlamira.info\/?p=472"},"modified":"2024-03-06T17:46:13","modified_gmt":"2024-03-06T20:46:13","slug":"lilia-lemoine-revelo-que-fue-pareja-de-javier-milei-me-enamoro-su-inteligencia","status":"publish","type":"post","link":"https:\/\/enlamira.info\/index.php\/2024\/03\/06\/lilia-lemoine-revelo-que-fue-pareja-de-javier-milei-me-enamoro-su-inteligencia\/","title":{"rendered":"Lilia Lemoine revel\u00f3 que fue pareja de Javier Milei: \u201cMe enamor\u00f3 su inteligencia\u201d"},"content":{"rendered":"\n<p>La diputada de La Libertad Avanza visit\u00f3 el programa que conduce Carmen Barbieri y habl\u00f3 sobre su pasado romance con el Presidente.<\/p>\n\n\n\n<p>La\u00a0diputada de La Libertad Avanza,\u00a0Lilia Lemoine, confirm\u00f3 en una entrevista con Ma\u00f1an\u00edsima (<em>eltrece<\/em>) que fue pareja del presidente\u00a0Javier Milei.\u00a0En el programa que conduce Carmen Barbieri, la legisladora dio detalles de su relaci\u00f3n con el mandatario, se\u00f1alando que salieron \u201chace mucho tiempo\u201d y que terminaron bien.<\/p>\n\n\n\n<p>\u201cEs buena persona. Yo lo quiero much\u00edsimo, a Karina tambi\u00e9n\u201d, se\u00f1al\u00f3. Y a\u00f1adi\u00f3:\u00a0\u201cMe enamor\u00f3 su inteligencia, su bondad, el buen trato. Porque quisieron vender que era machista y nada que ver\u201d.<\/p>\n\n\n\n<p>Durante la entrevista, Lemoine tambi\u00e9n lo elogi\u00f3 por su \u201cb\u00fasqueda de la libertad\u201d y por pensar en \u201cc\u00f3mo arreglar las cosas\u201d.<\/p>\n\n\n\n<p>La relaci\u00f3n de Lemoine y Milei dur\u00f3 poco m\u00e1s de dos meses, seg\u00fan precis\u00f3 la diputada, pero destac\u00f3 que terminaron en buenos t\u00e9rminos y que hoy mantienen una buena relaci\u00f3n.<\/p>\n\n\n\n<p>\u201cCuando uno est\u00e1 en la b\u00fasqueda de algo, en el camino se cruza con personas que son acorde\u201d, remarc\u00f3. \u201cMe met\u00ed en pol\u00edtica por estas ideas que \u00e9l encarna, yo voy a apoyarlo como apoye a (Jos\u00e9 Luis) Espert. Siempre lo digo en chiste, pero\u00a0todos los libertarios est\u00e1n enamorados de \u00e9l, hasta Donald Trump\u201d, sostuvo entre risas.<\/p>\n\n\n\n<p>La diputada hizo estas declaraciones luego de que se volviera a viralizar una c\u00e1mara oculta en la que revelaba su relaci\u00f3n con Milei en un momento en el que este v\u00ednculo era desconocido p\u00fablicamente.&nbsp;<\/p>\n\n\n\n<p>\u201cLo que digo ah\u00ed quer\u00eda cont\u00e1rselo solo a una chica, se lo cont\u00e9 por encima, pero yo no fui con esa finalidad, fui por trabajo y termin\u00f3 siendo una estafa\u201d, lament\u00f3 la diputada. Adem\u00e1s, detall\u00f3 que hay m\u00e1s personas que fueron v\u00edctimas de estas c\u00e1maras ocultas y que ella se encuentra investigando.<\/p>\n\n\n\n<p>Tras ello, Lemoine cont\u00f3 que actualmente est\u00e1 soltera y que sigue manteniendo una buena relaci\u00f3n con el Presidente.<\/p>\n","protected":false},"excerpt":{"rendered":"<p>La diputada de La Libertad Avanza visit\u00f3 el programa que conduce Carmen Barbieri y habl\u00f3 sobre su pasado romance con el Presidente. La\u00a0diputada de La Libertad Avanza,\u00a0Lilia Lemoine, confirm\u00f3 en una entrevista con Ma\u00f1an\u00edsima (eltrece) que fue pareja del presidente\u00a0Javier Milei.\u00a0En el programa que conduce Carmen Barbieri, la legisladora dio detalles de su relaci\u00f3n con [&hellip;]<\/p>\n","protected":false},"author":2,"featured_media":474,"comment_status":"open","ping_status":"open","sticky":false,"template":"","format":"standard","meta":{"footnotes":""},"categories":[20],"tags":[],"_links":{"self":[{"href":"https:\/\/enlamira.info\/index.php\/wp-json\/wp\/v2\/posts\/472"}],"collection":[{"href":"https:\/\/enlamira.info\/index.php\/wp-json\/wp\/v2\/posts"}],"about":[{"href":"https:\/\/enlamira.info\/index.php\/wp-json\/wp\/v2\/types\/post"}],"author":[{"embeddable":true,"href":"https:\/\/enlamira.info\/index.php\/wp-json\/wp\/v2\/users\/2"}],"replies":[{"embeddable":true,"href":"https:\/\/enlamira.info\/index.php\/wp-json\/wp\/v2\/comments?post=472"}],"version-history":[{"count":2,"href":"https:\/\/enlamira.info\/index.php\/wp-json\/wp\/v2\/posts\/472\/revisions"}],"predecessor-version":[{"id":476,"href":"https:\/\/enlamira.info\/index.php\/wp-json\/wp\/v2\/posts\/472\/revisions\/476"}],"wp:featuredmedia":[{"embeddable":true,"href":"https:\/\/enlamira.info\/index.php\/wp-json\/wp\/v2\/media\/474"}],"wp:attachment":[{"href":"https:\/\/enlamira.info\/index.php\/wp-json\/wp\/v2\/media?parent=472"}],"wp:term":[{"taxonomy":"category","embeddable":true,"href":"https:\/\/enlamira.info\/index.php\/wp-json\/wp\/v2\/categories?post=472"},{"taxonomy":"post_tag","embeddable":true,"href":"https:\/\/enlamira.info\/index.php\/wp-json\/wp\/v2\/tags?post=472"}],"curies":[{"name":"wp","href":"https:\/\/api.w.org\/{rel}","templated":true}]}}