{"id":468,"date":"2024-03-06T17:38:04","date_gmt":"2024-03-06T20:38:04","guid":{"rendered":"https:\/\/enlamira.info\/?p=468"},"modified":"2024-03-06T17:47:27","modified_gmt":"2024-03-06T20:47:27","slug":"los-consejos-de-alberto-fernandez-a-javier-milei-seria-mejor-corregir-el-rumbo","status":"publish","type":"post","link":"https:\/\/enlamira.info\/index.php\/2024\/03\/06\/los-consejos-de-alberto-fernandez-a-javier-milei-seria-mejor-corregir-el-rumbo\/","title":{"rendered":"Los \u2018consejos\u2019 de Alberto Fern\u00e1ndez a Javier Milei: \u201cSer\u00eda mejor corregir el rumbo\u201d"},"content":{"rendered":"\n<p>El exmandatario y el Presidente intercambiaron mensajes en las redes sociales.<\/p>\n\n\n\n<p>Durante\u00a0su visita a Expoagro este martes, el presidente\u00a0Javier Milei\u00a0sostuvo que en la\u00a0gesti\u00f3n de Alberto Fern\u00e1ndez\u00a0se consum\u00eda diariamente\u00a0champagne Cristal\u00a0en la Quinta de Olivos.<\/p>\n\n\n\n<p>Tras las palabras de Milei,\u00a0el expresidente dijo en sus redes sociales que la acusaci\u00f3n era falsa\u00a0y fue entonces que\u00a0el mandatario le pidi\u00f3 disculpas.<\/p>\n\n\n\n<p>\u201cMe dicen que\u00a0la informaci\u00f3n acerca del consumo de champagne en Olivos en la anterior administraci\u00f3n era incorrecta. Disculparse cuando uno se equivoca es lo que corresponde\u201d, escribi\u00f3 Milei durante la madrugada.<\/p>\n\n\n\n<p>En las primeras horas de este mi\u00e9rcoles,\u00a0Fern\u00e1ndez recibi\u00f3 el mensaje y aprovech\u00f3 la ocasi\u00f3n para aconsejarlo.<\/p>\n\n\n\n<p>\u201cValoro la retractaci\u00f3n. Descalificar al adversario imput\u00e1ndole falsedades solo degrada a la pol\u00edtica\u201d, manifest\u00f3.<\/p>\n\n\n\n<p>Y a modo de se\u00f1alamiento, sostuvo:\u00a0\u201cSer\u00eda mejor corregir el rumbo y abandonar el discurso del odio\u201d.<\/p>\n","protected":false},"excerpt":{"rendered":"<p>El exmandatario y el Presidente intercambiaron mensajes en las redes sociales. Durante\u00a0su visita a Expoagro este martes, el presidente\u00a0Javier Milei\u00a0sostuvo que en la\u00a0gesti\u00f3n de Alberto Fern\u00e1ndez\u00a0se consum\u00eda diariamente\u00a0champagne Cristal\u00a0en la Quinta de Olivos. Tras las palabras de Milei,\u00a0el expresidente dijo en sus redes sociales que la acusaci\u00f3n era falsa\u00a0y fue entonces que\u00a0el mandatario le pidi\u00f3 [&hellip;]<\/p>\n","protected":false},"author":2,"featured_media":471,"comment_status":"open","ping_status":"open","sticky":false,"template":"","format":"standard","meta":{"footnotes":""},"categories":[20],"tags":[],"_links":{"self":[{"href":"https:\/\/enlamira.info\/index.php\/wp-json\/wp\/v2\/posts\/468"}],"collection":[{"href":"https:\/\/enlamira.info\/index.php\/wp-json\/wp\/v2\/posts"}],"about":[{"href":"https:\/\/enlamira.info\/index.php\/wp-json\/wp\/v2\/types\/post"}],"author":[{"embeddable":true,"href":"https:\/\/enlamira.info\/index.php\/wp-json\/wp\/v2\/users\/2"}],"replies":[{"embeddable":true,"href":"https:\/\/enlamira.info\/index.php\/wp-json\/wp\/v2\/comments?post=468"}],"version-history":[{"count":1,"href":"https:\/\/enlamira.info\/index.php\/wp-json\/wp\/v2\/posts\/468\/revisions"}],"predecessor-version":[{"id":469,"href":"https:\/\/enlamira.info\/index.php\/wp-json\/wp\/v2\/posts\/468\/revisions\/469"}],"wp:featuredmedia":[{"embeddable":true,"href":"https:\/\/enlamira.info\/index.php\/wp-json\/wp\/v2\/media\/471"}],"wp:attachment":[{"href":"https:\/\/enlamira.info\/index.php\/wp-json\/wp\/v2\/media?parent=468"}],"wp:term":[{"taxonomy":"category","embeddable":true,"href":"https:\/\/enlamira.info\/index.php\/wp-json\/wp\/v2\/categories?post=468"},{"taxonomy":"post_tag","embeddable":true,"href":"https:\/\/enlamira.info\/index.php\/wp-json\/wp\/v2\/tags?post=468"}],"curies":[{"name":"wp","href":"https:\/\/api.w.org\/{rel}","templated":true}]}}