{"id":463,"date":"2024-03-06T17:36:23","date_gmt":"2024-03-06T20:36:23","guid":{"rendered":"https:\/\/enlamira.info\/?p=463"},"modified":"2024-03-06T17:48:26","modified_gmt":"2024-03-06T20:48:26","slug":"diana-mondino-prometio-eliminar-pronto-las-retenciones-y-aseguro-son-una-desgracia","status":"publish","type":"post","link":"https:\/\/enlamira.info\/index.php\/2024\/03\/06\/diana-mondino-prometio-eliminar-pronto-las-retenciones-y-aseguro-son-una-desgracia\/","title":{"rendered":"Diana Mondino prometi\u00f3 eliminar pronto las retenciones y asegur\u00f3: \u201cSon una desgracia\u201d"},"content":{"rendered":"\n<p>La Canciller afirm\u00f3 que esperan quitar los derechos de exportaci\u00f3n cuando se logre consolidar el equilibrio fiscal.<\/p>\n\n\n\n<p>La Canciller\u00a0Diana\u00a0Mondino\u00a0dialog\u00f3 este mi\u00e9rcoles con embajadores y funcionarios de m\u00e1s de 40 pa\u00edses en\u00a0Expoagro.<\/p>\n\n\n\n<p>\u201cLas retenciones son una desgracia en\u00a0Argentina, y ojal\u00e1 pueda hacerse una rebaja abrupta, no solo gradual. Pero para eso tenemos que lograr un equilibrio fiscal indispensable. Entonces, esa es una desgracia que esperamos poder eliminar muy pronto\u201d, explic\u00f3 la funcionaria acompa\u00f1ada por el secretario de Bioeconom\u00eda, Fernando Vilella.<\/p>\n\n\n\n<p>En esa l\u00ednea, coment\u00f3 que los US$16 mil millones que se perdieron por el juicio de YPF equivalen, a precios de hoy, a las retenciones de 4 cosechas enteras. \u201cPor eso todav\u00eda no las bajamos, porque se necesitan para pagar disparates\u201d, afirm\u00f3.<\/p>\n\n\n\n<p>\u201cSiempre estuvieron alt\u00edsimas y se hab\u00edan bajado (por el Gobierno anterior para las econom\u00edas regionales) en los \u00faltimos dos meses por las elecciones. En realidad, no es que se sub\u00edan, sino que volv\u00edan a un importe menor del que hist\u00f3ricamente tuvieron\u201d, asegur\u00f3.<\/p>\n\n\n\n<p>En ese contexto, Mondino destac\u00f3; \u201cInvitamos a cuerpos diplom\u00e1ticos de m\u00e1s de 40 pa\u00edses, que van a conocer la potencia del campo argentino\u201d, explic\u00f3 la funcionaria, quien resalt\u00f3 la apertura de 27 nuevos mercados. \u201cPero no depende de nosotros, preparamos la informaci\u00f3n junto con otros organismos\u201d.<\/p>\n","protected":false},"excerpt":{"rendered":"<p>La Canciller afirm\u00f3 que esperan quitar los derechos de exportaci\u00f3n cuando se logre consolidar el equilibrio fiscal. La Canciller\u00a0Diana\u00a0Mondino\u00a0dialog\u00f3 este mi\u00e9rcoles con embajadores y funcionarios de m\u00e1s de 40 pa\u00edses en\u00a0Expoagro. \u201cLas retenciones son una desgracia en\u00a0Argentina, y ojal\u00e1 pueda hacerse una rebaja abrupta, no solo gradual. Pero para eso tenemos que lograr un equilibrio [&hellip;]<\/p>\n","protected":false},"author":2,"featured_media":465,"comment_status":"open","ping_status":"open","sticky":false,"template":"","format":"standard","meta":{"footnotes":""},"categories":[20],"tags":[],"_links":{"self":[{"href":"https:\/\/enlamira.info\/index.php\/wp-json\/wp\/v2\/posts\/463"}],"collection":[{"href":"https:\/\/enlamira.info\/index.php\/wp-json\/wp\/v2\/posts"}],"about":[{"href":"https:\/\/enlamira.info\/index.php\/wp-json\/wp\/v2\/types\/post"}],"author":[{"embeddable":true,"href":"https:\/\/enlamira.info\/index.php\/wp-json\/wp\/v2\/users\/2"}],"replies":[{"embeddable":true,"href":"https:\/\/enlamira.info\/index.php\/wp-json\/wp\/v2\/comments?post=463"}],"version-history":[{"count":2,"href":"https:\/\/enlamira.info\/index.php\/wp-json\/wp\/v2\/posts\/463\/revisions"}],"predecessor-version":[{"id":467,"href":"https:\/\/enlamira.info\/index.php\/wp-json\/wp\/v2\/posts\/463\/revisions\/467"}],"wp:featuredmedia":[{"embeddable":true,"href":"https:\/\/enlamira.info\/index.php\/wp-json\/wp\/v2\/media\/465"}],"wp:attachment":[{"href":"https:\/\/enlamira.info\/index.php\/wp-json\/wp\/v2\/media?parent=463"}],"wp:term":[{"taxonomy":"category","embeddable":true,"href":"https:\/\/enlamira.info\/index.php\/wp-json\/wp\/v2\/categories?post=463"},{"taxonomy":"post_tag","embeddable":true,"href":"https:\/\/enlamira.info\/index.php\/wp-json\/wp\/v2\/tags?post=463"}],"curies":[{"name":"wp","href":"https:\/\/api.w.org\/{rel}","templated":true}]}}