{"id":459,"date":"2024-03-06T17:35:32","date_gmt":"2024-03-06T20:35:32","guid":{"rendered":"https:\/\/enlamira.info\/?p=459"},"modified":"2024-03-06T17:49:24","modified_gmt":"2024-03-06T20:49:24","slug":"el-gobierno-volvio-a-presionar-a-los-gobernadores-y-los-califico-como-una-minoria-esceptica","status":"publish","type":"post","link":"https:\/\/enlamira.info\/index.php\/2024\/03\/06\/el-gobierno-volvio-a-presionar-a-los-gobernadores-y-los-califico-como-una-minoria-esceptica\/","title":{"rendered":"El Gobierno volvi\u00f3 a presionar a los gobernadores y los calific\u00f3 como una \u201cminor\u00eda esc\u00e9ptica\u201d"},"content":{"rendered":"\n<p>El Gobierno volvi\u00f3 a presionar a los gobernadores y los calific\u00f3 como una \u201cminor\u00eda esc\u00e9ptica\u201d<\/p>\n\n\n\n<p>El\u00a0Gobierno\u00a0volvi\u00f3 a presionar a los gobernadores que se resisten a aceptar la convocatoria para el\u00a0Pacto\u00a0de Mayo.\u00a0<\/p>\n\n\n\n<p>Despu\u00e9s de la convocatoria realizada por\u00a0Javier Milei\u00a0en la apertura de sesiones ordinarias en el Congreso para la firma del denominado\u00a0\u201cPacto de Mayo\u201d, ya este mi\u00e9rcoles los miembros del Gabinete avanzaron en la convocatoria a reuniones con los gobernadores para poner en com\u00fan el contenido de los 10 puntos anunciados por el Presidente.<\/p>\n\n\n\n<p>Aunque se esperaba concretar el encuentro este mismo viernes, el ministro Guillermo Francos aclar\u00f3 que se realizar\u00e1n en distintos grupos y en diferentes fechas para luego reunir a todos los mandatarios que efectivamente firmar\u00e1n el\u00a0acuerdo.<\/p>\n\n\n\n<p>Por su parte, Manuel Adorni plante\u00f3: Surgen dos preocupaciones, que no se haya entendido el discurso de presidente Javier Milei, m\u00e1s all\u00e1 de su claridad, el Pacto de Mayo no es para generar consenso entre pol\u00edticos, sino para garantizar el bienestar de los argentinos. Nos preocupa que para algunos siga imperando el dogmatismo ideol\u00f3gico por sobre el beneficio en general. Apelamos a la honestidad intelectual de todos\u201d.<\/p>\n\n\n\n<p>\u201cNo solo de una importante cantidad de gobernadores, sino tambi\u00e9n diferentes c\u00e1maras empresarias. Al resto queremos recordarles que este es un momento decisivo para la historia de Argentina y los invitamos a sumarse a esta convocatoria que ha hecho el Presidente\u201d, expres\u00f3 Adorni.<\/p>\n\n\n\n<h3 class=\"wp-block-heading\">El pol\u00e9mico tuit de Manuel Adorni<\/h3>\n\n\n\n<p>Minutos despu\u00e9s de la conferencia, el portavoz del primer mandatario public\u00f3 un pol\u00e9mico mensaje en sus redes, donde comparti\u00f3 el video de un adolescente que se\u00a0desmay\u00f3\u00a0mientras Milei\u00a0preanunciaba\u00a0su discurso ese mi\u00e9rcoles.<\/p>\n\n\n\n<p>El Presidente asisti\u00f3 esta ma\u00f1ana junto a su hermana y secretaria general,\u00a0Karina, al\u00a0colegio Cardenal Copello\u00a0del barrio porte\u00f1o de Villa Devoto, lugar donde ambos realizaron sus estudios hace 36 a\u00f1os.<\/p>\n\n\n\n<p>Pero, no todo fue emotivo en el evento. Mientras el mandatario brindaba un discurso en la apertura del ciclo lectivo 2024 del Colegio Cardenal Copello, una alumna se desmay\u00f3 y debi\u00f3 ser atendida por las autoridades del colegio.<\/p>\n\n\n\n<p>Inmediatamente, el funcionario fue repudiado por el resto de los usuarios de X, propiedad de Elon Musk.<\/p>\n\n\n\n<figure class=\"wp-block-image size-full\"><img loading=\"lazy\" decoding=\"async\" width=\"609\" height=\"647\" src=\"https:\/\/enlamira.info\/wp-content\/uploads\/2024\/03\/image-1.png\" alt=\"\" class=\"wp-image-460\" srcset=\"https:\/\/enlamira.info\/wp-content\/uploads\/2024\/03\/image-1.png 609w, https:\/\/enlamira.info\/wp-content\/uploads\/2024\/03\/image-1-282x300.png 282w\" sizes=\"(max-width: 609px) 100vw, 609px\" \/><\/figure>\n","protected":false},"excerpt":{"rendered":"<p>El Gobierno volvi\u00f3 a presionar a los gobernadores y los calific\u00f3 como una \u201cminor\u00eda esc\u00e9ptica\u201d El\u00a0Gobierno\u00a0volvi\u00f3 a presionar a los gobernadores que se resisten a aceptar la convocatoria para el\u00a0Pacto\u00a0de Mayo.\u00a0 Despu\u00e9s de la convocatoria realizada por\u00a0Javier Milei\u00a0en la apertura de sesiones ordinarias en el Congreso para la firma del denominado\u00a0\u201cPacto de Mayo\u201d, ya este [&hellip;]<\/p>\n","protected":false},"author":2,"featured_media":462,"comment_status":"open","ping_status":"open","sticky":false,"template":"","format":"standard","meta":{"footnotes":""},"categories":[20],"tags":[],"_links":{"self":[{"href":"https:\/\/enlamira.info\/index.php\/wp-json\/wp\/v2\/posts\/459"}],"collection":[{"href":"https:\/\/enlamira.info\/index.php\/wp-json\/wp\/v2\/posts"}],"about":[{"href":"https:\/\/enlamira.info\/index.php\/wp-json\/wp\/v2\/types\/post"}],"author":[{"embeddable":true,"href":"https:\/\/enlamira.info\/index.php\/wp-json\/wp\/v2\/users\/2"}],"replies":[{"embeddable":true,"href":"https:\/\/enlamira.info\/index.php\/wp-json\/wp\/v2\/comments?post=459"}],"version-history":[{"count":1,"href":"https:\/\/enlamira.info\/index.php\/wp-json\/wp\/v2\/posts\/459\/revisions"}],"predecessor-version":[{"id":461,"href":"https:\/\/enlamira.info\/index.php\/wp-json\/wp\/v2\/posts\/459\/revisions\/461"}],"wp:featuredmedia":[{"embeddable":true,"href":"https:\/\/enlamira.info\/index.php\/wp-json\/wp\/v2\/media\/462"}],"wp:attachment":[{"href":"https:\/\/enlamira.info\/index.php\/wp-json\/wp\/v2\/media?parent=459"}],"wp:term":[{"taxonomy":"category","embeddable":true,"href":"https:\/\/enlamira.info\/index.php\/wp-json\/wp\/v2\/categories?post=459"},{"taxonomy":"post_tag","embeddable":true,"href":"https:\/\/enlamira.info\/index.php\/wp-json\/wp\/v2\/tags?post=459"}],"curies":[{"name":"wp","href":"https:\/\/api.w.org\/{rel}","templated":true}]}}