{"id":448,"date":"2024-03-06T17:30:51","date_gmt":"2024-03-06T20:30:51","guid":{"rendered":"https:\/\/enlamira.info\/?p=448"},"modified":"2024-03-06T17:53:02","modified_gmt":"2024-03-06T20:53:02","slug":"dieron-de-baja-el-polemico-contrato-de-nacion-seguros-con-anses","status":"publish","type":"post","link":"https:\/\/enlamira.info\/index.php\/2024\/03\/06\/dieron-de-baja-el-polemico-contrato-de-nacion-seguros-con-anses\/","title":{"rendered":"Dieron de baja el pol\u00e9mico contrato de Naci\u00f3n Seguros con Anses"},"content":{"rendered":"\n<p>La causa de corrupci\u00f3n por la que fue imputado el expresidente Alberto Fern\u00e1ndez, involucra m\u00e1s de 20 mil millones de pesos en defraudaci\u00f3n al Estado.<\/p>\n\n\n\n<p>En medio del esc\u00e1ndalo desatado por la denuncia por parte\u00a0del Gobierno\u00a0de\u00a0Javier\u00a0Milei,\u00a0por la contrataci\u00f3n de seguros por parte de la\u00a0ANSES\u00a0y otras dependencias estatales que salpica a\u00a0Alberto Fern\u00e1ndez, el Gobierno anul\u00f3 el acuerdo con la empresa estatal Naci\u00f3n Seguros para darle seguros de vida a los beneficiarios de cr\u00e9ditos del organismo previsional y volver\u00e1n a darle esa cobertura a trav\u00e9s del Fondo de Garant\u00eda de Sustentabilidad.<\/p>\n\n\n\n<p>A partir de la baja del contrato, el sistema volver\u00e1 a funcionar como ocurr\u00eda antes de que el ex presidente Alberto Fern\u00e1ndez firmara un decreto que cambi\u00f3 el mecanismo y habilit\u00f3 el ingreso al negocio de intermediarios como\u00a0H\u00e9ctor Mart\u00ednez Sosa\u00a0-esposo de su secretaria de toda la vida, Mar\u00eda Cantero- y Pablo Torres Garc\u00eda, vinculado a\u00a0Sergio Massa.<\/p>\n\n\n\n<p>Por ota parte, hace minutos, desde del PJ decidieron\u00a0apartar\u00a0al ex presidente de la conducci\u00f3n del partido.<\/p>\n\n\n\n<p>A trav\u00e9s de un pedido de licencia,\u00a0por parte del presidente\u00a0del\u00a0Partido Justicialista\u00a0(PJ) a nivel nacional, Alberto se aleja de la agrupaci\u00f3n en medio de las denuncias por defraudaci\u00f3n al Estado en m\u00e1s de 20.000 millones de pesos.<\/p>\n\n\n\n<p>La decisi\u00f3n de anular el acuerdo entre las entidades y las aseguradoras fue publicada en el Bolet\u00edn Oficial. En la Resoluci\u00f3n 42 de\u00a0Anses, el organismo dispuso que \u201cel \u00faltimo mes de pago de las primas a abonar a NACI\u00d3N SEGUROS S.A. por las l\u00edneas de cr\u00e9ditos de titulares de una prestaci\u00f3n otorgada por ANSES, corresponde a las cuotas cobradas en la liquidaci\u00f3n previsional del mes de febrero 2024\u201d.<\/p>\n\n\n\n<p>\u201cA trav\u00e9s de la Resoluci\u00f3n N\u00b0 RESOL-2018 -4 -ANSES-DGPA#ANSES se aprob\u00f3 el cambio de denominaci\u00f3n del \u201cPROGRAMA ARGENTA\u201d a Programa \u201cCR\u00c9DITOS ANSES\u201d. Que ante la dimensi\u00f3n que adquiri\u00f3 el Programa \u201cCR\u00c9DITOS ANSES\u201d, este organismo consider\u00f3 necesario analizar las condiciones de las l\u00edneas de cr\u00e9ditos, a fin de evitar desfasajes que modifiquen sustancialmente la rentabilidad prevista para estos instrumentos de inversi\u00f3n. Que, en dicho contexto, result\u00f3 relevante merituar las p\u00f3lizas de cobertura del seguro de vida sobre saldo deudor contratado con NACI\u00d3N SEGUROS S.A desde el inicio del Programa. Que a tales fines se propici\u00f3 un relevamiento y an\u00e1lisis del riesgo de incobrabilidad por fallecimiento de deudores, por el cual se determin\u00f3 la conveniencia de un esquema de autosuficiencia del riesgo de incobrabilidad por fallecimiento de los tomadores de cr\u00e9ditos por parte del FONDO DE GARANT\u00cdA DE SUSTENTABILIDAD prescindiendo del esquema de Aseguradora al establecer un comparativo de c\u00e1lculos del Valor Actual Neto desde el punto de vista de flujos, entre otros\u201d, fijaba el documento.<\/p>\n\n\n\n<p>Es decir, que en 2018 los t\u00e9cnicos del organismo previsional detectaron que era m\u00e1s barato hacer los autoseguros que contratarlos con aseguradoras externas.<\/p>\n\n\n\n<p>Fue entonces, que\u00a0Alberto Fern\u00e1ndez\u00a0explic\u00f3 que tomaba la medida porque \u201cresultaba necesario racionalizar los gastos del Estado contribuyendo al mejor comportamiento de las cuentas fiscales\u201d.<\/p>\n","protected":false},"excerpt":{"rendered":"<p>La causa de corrupci\u00f3n por la que fue imputado el expresidente Alberto Fern\u00e1ndez, involucra m\u00e1s de 20 mil millones de pesos en defraudaci\u00f3n al Estado. En medio del esc\u00e1ndalo desatado por la denuncia por parte\u00a0del Gobierno\u00a0de\u00a0Javier\u00a0Milei,\u00a0por la contrataci\u00f3n de seguros por parte de la\u00a0ANSES\u00a0y otras dependencias estatales que salpica a\u00a0Alberto Fern\u00e1ndez, el Gobierno anul\u00f3 el [&hellip;]<\/p>\n","protected":false},"author":2,"featured_media":450,"comment_status":"open","ping_status":"open","sticky":false,"template":"","format":"standard","meta":{"footnotes":""},"categories":[20],"tags":[],"_links":{"self":[{"href":"https:\/\/enlamira.info\/index.php\/wp-json\/wp\/v2\/posts\/448"}],"collection":[{"href":"https:\/\/enlamira.info\/index.php\/wp-json\/wp\/v2\/posts"}],"about":[{"href":"https:\/\/enlamira.info\/index.php\/wp-json\/wp\/v2\/types\/post"}],"author":[{"embeddable":true,"href":"https:\/\/enlamira.info\/index.php\/wp-json\/wp\/v2\/users\/2"}],"replies":[{"embeddable":true,"href":"https:\/\/enlamira.info\/index.php\/wp-json\/wp\/v2\/comments?post=448"}],"version-history":[{"count":1,"href":"https:\/\/enlamira.info\/index.php\/wp-json\/wp\/v2\/posts\/448\/revisions"}],"predecessor-version":[{"id":449,"href":"https:\/\/enlamira.info\/index.php\/wp-json\/wp\/v2\/posts\/448\/revisions\/449"}],"wp:featuredmedia":[{"embeddable":true,"href":"https:\/\/enlamira.info\/index.php\/wp-json\/wp\/v2\/media\/450"}],"wp:attachment":[{"href":"https:\/\/enlamira.info\/index.php\/wp-json\/wp\/v2\/media?parent=448"}],"wp:term":[{"taxonomy":"category","embeddable":true,"href":"https:\/\/enlamira.info\/index.php\/wp-json\/wp\/v2\/categories?post=448"},{"taxonomy":"post_tag","embeddable":true,"href":"https:\/\/enlamira.info\/index.php\/wp-json\/wp\/v2\/tags?post=448"}],"curies":[{"name":"wp","href":"https:\/\/api.w.org\/{rel}","templated":true}]}}