{"id":428,"date":"2024-03-06T17:24:21","date_gmt":"2024-03-06T20:24:21","guid":{"rendered":"https:\/\/enlamira.info\/?p=428"},"modified":"2024-03-06T17:57:03","modified_gmt":"2024-03-06T20:57:03","slug":"barracas-central-e-independiente-empataron-en-un-polemico-partido-en-parque-patricios","status":"publish","type":"post","link":"https:\/\/enlamira.info\/index.php\/2024\/03\/06\/barracas-central-e-independiente-empataron-en-un-polemico-partido-en-parque-patricios\/","title":{"rendered":"Barracas Central e Independiente empataron en un pol\u00e9mico partido en Parque Patricios"},"content":{"rendered":"\n<p>El encuentro en el Duc\u00f3 por la Zona A termin\u00f3 igualado 2-2.<\/p>\n\n\n\n<p>Uno de los duelos bisagra por la clasificaci\u00f3n a los playoffs de la Copa de la Liga 2024 termin\u00f3 en empate:\u00a0Barracas Central e Independiente igualaron 2-2 en Parque Patricios.<\/p>\n\n\n\n<p>Ambos equipos perdieron la oportunidad de ganar y quedar punteros en la Zona A.\u00a0El l\u00edder es Instituto de C\u00f3rdoba por diferencia de gol.<\/p>\n\n\n\n<p>Puede haber tres equipos en la cima de la tabla con los mismos puntos a falta de cuatro fechas, si River le gana este mi\u00e9rcoles a Independiente Rivadavia en el Monumental.<\/p>\n\n\n\n<p>Rosan\u00e9 y Alexis Dom\u00ednguez\u00a0anotaron en\u00a0<em>el Guapo.<\/em>\u00a0El gol del delantero fue para el 2-1 a favor antes del entretiempo, ventaja que no pudo mantener en el segundo.<\/p>\n\n\n\n<h3 class=\"wp-block-heading\">Las pol\u00e9micas que reclama Independiente<\/h3>\n\n\n\n<p>En el equipo de Carlos Tevez reclaman la expulsi\u00f3n de Dom\u00ednguez (antes que el atacante marque su gol) y un penal por una mano dentro del \u00e1rea.<\/p>\n\n\n\n<figure class=\"wp-block-embed is-type-rich is-provider-twitter wp-block-embed-twitter\"><div class=\"wp-block-embed__wrapper\">\n<blockquote class=\"twitter-tweet\" data-width=\"550\" data-dnt=\"true\"><p lang=\"es\" dir=\"ltr\">Iv\u00e1n Marcone qued\u00f3 muy dolorido despu\u00e9s de esta patada de Alexis Dom\u00ednguez \u2694\ufe0f El jugador de Barracas Central fue amonestado<a href=\"https:\/\/twitter.com\/hashtag\/LPFxTNTSports?src=hash&amp;ref_src=twsrc%5Etfw\">#LPFxTNTSports<\/a> <a href=\"https:\/\/t.co\/T7RYd6Sc4F\">pic.twitter.com\/T7RYd6Sc4F<\/a><\/p>&mdash; TNT Sports Argentina (@TNTSportsAR) <a href=\"https:\/\/twitter.com\/TNTSportsAR\/status\/1765141326016696384?ref_src=twsrc%5Etfw\">March 5, 2024<\/a><\/blockquote><script async src=\"https:\/\/platform.twitter.com\/widgets.js\" charset=\"utf-8\"><\/script>\n<\/div><\/figure>\n\n\n\n<p>Mat\u00edas Gim\u00e9nez hizo un doblete para\u00a0<em>el Rojo<\/em>\u00a0en Parque Patricios. El goleador abri\u00f3 la cuenta y logr\u00f3 la igualdad final.<\/p>\n\n\n\n<p>Su pr\u00f3ximo rival en el Libertadores de Am\u00e9rica ser\u00e1 el River de Mart\u00edn Demichelis.<\/p>\n\n\n\n<figure class=\"wp-block-embed is-type-video is-provider-youtube wp-block-embed-youtube wp-embed-aspect-16-9 wp-has-aspect-ratio\"><div class=\"wp-block-embed__wrapper\">\n<iframe loading=\"lazy\" title=\"El Guapo y el Rojo igualaron en el Duc\u00f3 | #BarracasCentral 2-2 #Independiente | Resumen\" width=\"640\" height=\"360\" src=\"https:\/\/www.youtube.com\/embed\/RcIb-LtTdUc?feature=oembed\" frameborder=\"0\" allow=\"accelerometer; autoplay; clipboard-write; encrypted-media; gyroscope; picture-in-picture; web-share\" allowfullscreen><\/iframe>\n<\/div><\/figure>\n","protected":false},"excerpt":{"rendered":"<p>El encuentro en el Duc\u00f3 por la Zona A termin\u00f3 igualado 2-2. Uno de los duelos bisagra por la clasificaci\u00f3n a los playoffs de la Copa de la Liga 2024 termin\u00f3 en empate:\u00a0Barracas Central e Independiente igualaron 2-2 en Parque Patricios. Ambos equipos perdieron la oportunidad de ganar y quedar punteros en la Zona A.\u00a0El [&hellip;]<\/p>\n","protected":false},"author":2,"featured_media":430,"comment_status":"open","ping_status":"open","sticky":false,"template":"","format":"standard","meta":{"footnotes":""},"categories":[14],"tags":[],"_links":{"self":[{"href":"https:\/\/enlamira.info\/index.php\/wp-json\/wp\/v2\/posts\/428"}],"collection":[{"href":"https:\/\/enlamira.info\/index.php\/wp-json\/wp\/v2\/posts"}],"about":[{"href":"https:\/\/enlamira.info\/index.php\/wp-json\/wp\/v2\/types\/post"}],"author":[{"embeddable":true,"href":"https:\/\/enlamira.info\/index.php\/wp-json\/wp\/v2\/users\/2"}],"replies":[{"embeddable":true,"href":"https:\/\/enlamira.info\/index.php\/wp-json\/wp\/v2\/comments?post=428"}],"version-history":[{"count":1,"href":"https:\/\/enlamira.info\/index.php\/wp-json\/wp\/v2\/posts\/428\/revisions"}],"predecessor-version":[{"id":429,"href":"https:\/\/enlamira.info\/index.php\/wp-json\/wp\/v2\/posts\/428\/revisions\/429"}],"wp:featuredmedia":[{"embeddable":true,"href":"https:\/\/enlamira.info\/index.php\/wp-json\/wp\/v2\/media\/430"}],"wp:attachment":[{"href":"https:\/\/enlamira.info\/index.php\/wp-json\/wp\/v2\/media?parent=428"}],"wp:term":[{"taxonomy":"category","embeddable":true,"href":"https:\/\/enlamira.info\/index.php\/wp-json\/wp\/v2\/categories?post=428"},{"taxonomy":"post_tag","embeddable":true,"href":"https:\/\/enlamira.info\/index.php\/wp-json\/wp\/v2\/tags?post=428"}],"curies":[{"name":"wp","href":"https:\/\/api.w.org\/{rel}","templated":true}]}}