{"id":4195,"date":"2024-04-30T22:17:17","date_gmt":"2024-05-01T01:17:17","guid":{"rendered":"https:\/\/enlamira.info\/?p=4195"},"modified":"2024-04-30T22:40:02","modified_gmt":"2024-05-01T01:40:02","slug":"tras-el-avance-de-la-ley-bases-en-diputados-el-oficialismo-inicia-las-negociaciones-en-el-senado","status":"publish","type":"post","link":"https:\/\/enlamira.info\/index.php\/2024\/04\/30\/tras-el-avance-de-la-ley-bases-en-diputados-el-oficialismo-inicia-las-negociaciones-en-el-senado\/","title":{"rendered":"Tras el avance de la Ley Bases en Diputados, el oficialismo inicia las negociaciones en el Senado"},"content":{"rendered":"\n<p>Tras una extensa votaci\u00f3n en la C\u00e1mara Baja, el proyecto del Ejecutivo logr\u00f3 la media sanci\u00f3n. Ahora, el desaf\u00edo se traslada al Senado, donde la resistencia es mayor.<\/p>\n\n\n\n<p>Mientras\u00a0Javier Milei\u00a0se manten\u00eda al margen, ocupado en publicar en Twitter sobre marcas de zapatillas, distintos ministros comenzaron a expresar discretamente su alegr\u00eda por el progreso alcanzado por el oficialismo en la C\u00e1mara de Diputados con la\u00a0Ley Bases, tras dos meses de intensas negociaciones con aliados de la UCR, PRO, Hacemos, Innovaci\u00f3n y varios partidos provinciales.\u00a0<\/p>\n\n\n\n<p>No obstante, a pesar de los avances, la prudencia predominaba en anticipaci\u00f3n al\u00a0debate en el Senado, donde el PJ posee mayor influencia y el escenario se anticipa m\u00e1s desafiante que en Diputados.<\/p>\n\n\n\n<p>Tras obtener la media sanci\u00f3n, el verdadero desaf\u00edo se presentar\u00e1 en las comisiones senatoriales, que se espera comiencen a funcionar desde la pr\u00f3xima semana, para luego pasar al debate en el recinto.&nbsp;<\/p>\n\n\n\n<p>Los miembros del partido Libertario observan con particular inter\u00e9s las posturas de ciertos gobernadores rebeldes que, aunque no cerraron completamente la puerta, a\u00fan podr\u00edan apoyar la medida. En particular, las miradas est\u00e1n puestas en Alberto Weretilneck de R\u00edo Negro, Gerardo Zamora de Santiago del Estero, Claudio Vidal de Santa Cruz, y Hugo Passalacqua de Misiones.<\/p>\n\n\n\n<p>El caso del hist\u00f3rico cacique K de Santiago del Estero es el m\u00e1s destacado. Hace dos semanas, el ministro del Interior viaj\u00f3 a la capital provincial para solicitar su apoyo, y aunque hubo una buena recepci\u00f3n, en la Casa Rosada creen que regres\u00f3 pr\u00e1cticamente con las manos vac\u00edas. Aun as\u00ed, mantienen ciertas esperanzas en que pueda ordenar la ausencia o la abstenci\u00f3n de alguno de los tres senadores que le responden.<\/p>\n\n\n\n<p>La situaci\u00f3n es cr\u00edtica en la pr\u00f3xima etapa legislativa, y el\u00a0Gobierno\u00a0est\u00e1 dispuesto a utilizar cualquier recurso disponible. Los estrategas del oficialismo necesitan asegurarse de que el kirchnerismo y el PJ, que suman 33 votos, no lleguen a los 37 necesarios para rechazar el proyecto. Adem\u00e1s,\u00a0rezan para que no se cambie ni \u201cuna sola coma\u201d, ya que eso significar\u00eda que el proyecto de ley tendr\u00eda que volver a Diputados, extendiendo la discusi\u00f3n m\u00e1s all\u00e1 de la fecha l\u00edmite que Milei estableci\u00f3 para el Pacto de Mayo, el 25 de ese mes. \u201cCon que quedemos 36 a 36 y desempate Victoria, estamos satisfechos\u201d, se resignaron en Balcarce 50.<\/p>\n\n\n\n<p>El tema de las modificaciones es crucial. Hay varios art\u00edculos que generan un intenso debate, especialmente el cap\u00edtulo que trata sobre el\u00a0impuesto al tabaco, que inicialmente el Gobierno incluy\u00f3 pero luego elimin\u00f3 para evitar complicaciones en el debate. Sin embargo, una parte de la UCR y la Coalici\u00f3n C\u00edvica lograron reintroducir este mediod\u00eda con una votaci\u00f3n sobre tablas.\u00a0<\/p>\n\n\n\n<p>Adem\u00e1s, el oficialismo est\u00e1 preocupado por la postura de los indecisos respecto a la reforma laboral, a pesar de las concesiones que los libertarios realizaron, especialmente en el art\u00edculo sobre la cuota sindical, para obtener la aprobaci\u00f3n de la CGT.<\/p>\n","protected":false},"excerpt":{"rendered":"<p>Tras una extensa votaci\u00f3n en la C\u00e1mara Baja, el proyecto del Ejecutivo logr\u00f3 la media sanci\u00f3n. Ahora, el desaf\u00edo se traslada al Senado, donde la resistencia es mayor. Mientras\u00a0Javier Milei\u00a0se manten\u00eda al margen, ocupado en publicar en Twitter sobre marcas de zapatillas, distintos ministros comenzaron a expresar discretamente su alegr\u00eda por el progreso alcanzado por [&hellip;]<\/p>\n","protected":false},"author":2,"featured_media":4197,"comment_status":"open","ping_status":"open","sticky":false,"template":"","format":"standard","meta":{"footnotes":""},"categories":[20],"tags":[],"_links":{"self":[{"href":"https:\/\/enlamira.info\/index.php\/wp-json\/wp\/v2\/posts\/4195"}],"collection":[{"href":"https:\/\/enlamira.info\/index.php\/wp-json\/wp\/v2\/posts"}],"about":[{"href":"https:\/\/enlamira.info\/index.php\/wp-json\/wp\/v2\/types\/post"}],"author":[{"embeddable":true,"href":"https:\/\/enlamira.info\/index.php\/wp-json\/wp\/v2\/users\/2"}],"replies":[{"embeddable":true,"href":"https:\/\/enlamira.info\/index.php\/wp-json\/wp\/v2\/comments?post=4195"}],"version-history":[{"count":1,"href":"https:\/\/enlamira.info\/index.php\/wp-json\/wp\/v2\/posts\/4195\/revisions"}],"predecessor-version":[{"id":4196,"href":"https:\/\/enlamira.info\/index.php\/wp-json\/wp\/v2\/posts\/4195\/revisions\/4196"}],"wp:featuredmedia":[{"embeddable":true,"href":"https:\/\/enlamira.info\/index.php\/wp-json\/wp\/v2\/media\/4197"}],"wp:attachment":[{"href":"https:\/\/enlamira.info\/index.php\/wp-json\/wp\/v2\/media?parent=4195"}],"wp:term":[{"taxonomy":"category","embeddable":true,"href":"https:\/\/enlamira.info\/index.php\/wp-json\/wp\/v2\/categories?post=4195"},{"taxonomy":"post_tag","embeddable":true,"href":"https:\/\/enlamira.info\/index.php\/wp-json\/wp\/v2\/tags?post=4195"}],"curies":[{"name":"wp","href":"https:\/\/api.w.org\/{rel}","templated":true}]}}