{"id":4149,"date":"2024-04-29T21:30:13","date_gmt":"2024-04-30T00:30:13","guid":{"rendered":"https:\/\/enlamira.info\/?p=4149"},"modified":"2024-04-29T21:42:56","modified_gmt":"2024-04-30T00:42:56","slug":"el-ejecutivo-nacional-pagara-301-millones-de-dolares-a-dinamarca-por-los-24-aviones-f-16","status":"publish","type":"post","link":"https:\/\/enlamira.info\/index.php\/2024\/04\/29\/el-ejecutivo-nacional-pagara-301-millones-de-dolares-a-dinamarca-por-los-24-aviones-f-16\/","title":{"rendered":"El Ejecutivo nacional pagar\u00e1 301 millones de d\u00f3lares a Dinamarca por los 24 aviones F-16"},"content":{"rendered":"\n<p>En medio de los recortes de partidas en el Estado, Milei destina fondos para reforzar la seguridad nacional preocupado por su apoyo a Israel en medio del conflicto b\u00e9lico en Medio Oriente.<\/p>\n\n\n\n<p>Mientras el presidente\u00a0Javier Milei\u00a0defiende su f\u00e9rreo\u00a0recorte de gastos en el Estado\u00a0y pretende sostener el d\u00e9ficit cero, aprob\u00f3 el pago de m\u00e1s de 301 millones de d\u00f3lares para la compra de 24 aviones de combate a Dinamarca.<\/p>\n\n\n\n<p>A trav\u00e9s de la Decisi\u00f3n Administrativa 252\/2024, publicada este lunes en el\u00a0Bolet\u00edn Oficial, el ministerio de Defensa a cargo de\u00a0Luis Petri, recibi\u00f3 la aprobaci\u00f3n del pago para saldar el contrato entre el gobierno libertario y la Organizaci\u00f3n de Adquisici\u00f3n y Log\u00edstica del\u00a0Ministerio de Defensa de Dinamarca, respaldado por los\u00a0Estados Unidos\u00a0(EE.UU).<\/p>\n\n\n\n<p>\u201cLa Fuerza A\u00e9rea Argentina ha realizado un proceso de an\u00e1lisis y selecci\u00f3n de diferentes aeronaves y concluy\u00f3 que el Sistema de\u00a0Armas F-16, Fighting Falcon,\u00a0y la propuesta formulada por el organismo competente del Reino de Dinamarca constituyen la mejor soluci\u00f3n para el Instrumento Militar Argentino. Por un monto total de\u00a0USD 301.200.000 a pagar en cinco cuotas anuales\u201d, destaca el documento oficial.<\/p>\n\n\n\n<p>Seg\u00fan justificaron desde la cartera nacional que comanda el ex candidato a vicepresidente de\u00a0Juntos por el Cambio, \u201cArgentina requiere por su gran extensi\u00f3n territorial y litoral mar\u00edtimo un Sistema de Defensa Nacional con capacidad de reacci\u00f3n inmediata y alcance suficiente para la reacci\u00f3n ante amenazas que se desplacen por el aeroespacio\u201d.<\/p>\n\n\n\n<p>En l\u00ednea con las pol\u00edticas de defensa de la administraci\u00f3n de\u00a0Joe Biden,\u00a0el jefe de Estado argentino consider\u00f3 necesario reforzar la seguridad\u00a0en el pa\u00eds,\u00a0tras su apoyo a\u00a0Israel\u00a0en medio de la escalada b\u00e9lica en Medio Oriente, por ello destin\u00f3 m\u00e1s de 300 millones de d\u00f3lares para la adquisidor de equipamiento militar.<\/p>\n\n\n\n<p>La transacci\u00f3n\u00a0con el Gobierno\u00a0dan\u00e9s se concret\u00f3 hace dos semanas atr\u00e1s, cuando Petri viaj\u00f3 a\u00a0Copenhague, viaje en el que originalmente estar\u00eda acompa\u00f1ado por Milei, pero este decidi\u00f3 permanecer en el pa\u00eds por temor a su seguridad tras el anuncio de Israel de recrudecer su envestida contra\u00a0Ir\u00e1n.<\/p>\n","protected":false},"excerpt":{"rendered":"<p>En medio de los recortes de partidas en el Estado, Milei destina fondos para reforzar la seguridad nacional preocupado por su apoyo a Israel en medio del conflicto b\u00e9lico en Medio Oriente. Mientras el presidente\u00a0Javier Milei\u00a0defiende su f\u00e9rreo\u00a0recorte de gastos en el Estado\u00a0y pretende sostener el d\u00e9ficit cero, aprob\u00f3 el pago de m\u00e1s de 301 [&hellip;]<\/p>\n","protected":false},"author":2,"featured_media":4151,"comment_status":"open","ping_status":"open","sticky":false,"template":"","format":"standard","meta":{"footnotes":""},"categories":[20],"tags":[],"_links":{"self":[{"href":"https:\/\/enlamira.info\/index.php\/wp-json\/wp\/v2\/posts\/4149"}],"collection":[{"href":"https:\/\/enlamira.info\/index.php\/wp-json\/wp\/v2\/posts"}],"about":[{"href":"https:\/\/enlamira.info\/index.php\/wp-json\/wp\/v2\/types\/post"}],"author":[{"embeddable":true,"href":"https:\/\/enlamira.info\/index.php\/wp-json\/wp\/v2\/users\/2"}],"replies":[{"embeddable":true,"href":"https:\/\/enlamira.info\/index.php\/wp-json\/wp\/v2\/comments?post=4149"}],"version-history":[{"count":1,"href":"https:\/\/enlamira.info\/index.php\/wp-json\/wp\/v2\/posts\/4149\/revisions"}],"predecessor-version":[{"id":4150,"href":"https:\/\/enlamira.info\/index.php\/wp-json\/wp\/v2\/posts\/4149\/revisions\/4150"}],"wp:featuredmedia":[{"embeddable":true,"href":"https:\/\/enlamira.info\/index.php\/wp-json\/wp\/v2\/media\/4151"}],"wp:attachment":[{"href":"https:\/\/enlamira.info\/index.php\/wp-json\/wp\/v2\/media?parent=4149"}],"wp:term":[{"taxonomy":"category","embeddable":true,"href":"https:\/\/enlamira.info\/index.php\/wp-json\/wp\/v2\/categories?post=4149"},{"taxonomy":"post_tag","embeddable":true,"href":"https:\/\/enlamira.info\/index.php\/wp-json\/wp\/v2\/tags?post=4149"}],"curies":[{"name":"wp","href":"https:\/\/api.w.org\/{rel}","templated":true}]}}