{"id":4146,"date":"2024-04-29T21:28:49","date_gmt":"2024-04-30T00:28:49","guid":{"rendered":"https:\/\/enlamira.info\/?p=4146"},"modified":"2024-04-29T21:43:54","modified_gmt":"2024-04-30T00:43:54","slug":"escandalo-en-el-parlasur-alfredo-olmedo-fue-removido-de-la-presidencia-por-abusar-de-sus-funciones","status":"publish","type":"post","link":"https:\/\/enlamira.info\/index.php\/2024\/04\/29\/escandalo-en-el-parlasur-alfredo-olmedo-fue-removido-de-la-presidencia-por-abusar-de-sus-funciones\/","title":{"rendered":"Esc\u00e1ndalo en el Parlasur: Alfredo Olmedo fue removido de la presidencia por \u201cabusar de sus funciones\u201d"},"content":{"rendered":"\n<p>El dirigente salte\u00f1o fue removido de la conducci\u00f3n de la asamblea parlamentaria tras una pelea en el bloque libertario y por impulso del bloque de Uni\u00f3n por la Patria. Su lugar ser\u00e1 ocupado por Fabiana Mart\u00edn.<\/p>\n\n\n\n<p>El dirigente salte\u00f1o\u00a0Alfredo\u00a0Olmedo\u00a0fue removido de la presidencia del\u00a0Parlamento\u00a0del Mercosur\u00a0tras una interna en el bloque de\u00a0La Libertad Avanza\u00a0y con el impulso del kirchnerismo.\u00a0Sucedi\u00f3\u00a0tras una sesi\u00f3n extraordinaria solicitada por una parte de los representantes de\u00a0Argentina, Brasil y Uruguay.<\/p>\n\n\n\n<p>El lugar que deja vacante el exdiputado ser\u00e1 ocupado por\u00a0Fabiana Mart\u00edn, dirigente libertaria de la provincia de Buenos Aires.<\/p>\n\n\n\n<p>\u201cOlmedo\u00a0hab\u00eda abusado de sus funciones excluyendo a parlamentarios de comisiones de forma arbitrar\u00eda; adem\u00e1s, impuso la presencia de personal de seguridad en los ingresos al recinto generando fuertes tensiones y hasta situaciones de contacto f\u00edsico indebido\u201d, se\u00f1alaron en un comunicado difundido desde Uni\u00f3n por la Patria.<\/p>\n\n\n\n<p>Para lograr la destituci\u00f3n del dirigente oriundo de Salta, los parlamentarios argentinos reunieron 50 votos a favor de reemplazarlo por\u00a0Fabiana Mart\u00edn, gracias al apoyo de una parte de los representantes de Argentina, Brasil y Uruguay. En tanto, hubo 12 votos en contra de esa moci\u00f3n y 4 abstenciones.<\/p>\n\n\n\n<p>En declaraciones recientes,\u00a0Olmedo\u00a0se defendi\u00f3 y apunt\u00f3 contra sus compa\u00f1eros de bloque y las bancadas opositoras de los parlamentarios argentinos. \u201cHoy present\u00e9 el descargo sobre cu\u00e1l era el punto de no confianza que ellos alegaron y no sab\u00edan qu\u00e9 contestar. Detall\u00e9 c\u00f3mo se hab\u00eda movido y ordenado el Parlamento estos meses\u201d, detall\u00f3 el salte\u00f1o y lanz\u00f3: \u201cClaramente, la casta pol\u00edtica quiere cobrar sin trabajar. Hay gente de la delegaci\u00f3n argentina que no viene a trabajar y quieren seguir con los negocios espurios de la pol\u00edtica de los que tanto el presidente, Javier Milei, como yo, estamos totalmente en contra\u201d.<\/p>\n\n\n\n<p>A principios de abril, el bloque de La Libertad Avanza en el Parlasur se hab\u00eda partido tras la decisi\u00f3n de echar a tres integrantes. Fue luego de una disputa interna en la que un grupo de legisladores actuaron concertados con sus pares del kirchnerismo para intentar correr a Olmedo. Los apuntados hab\u00edan sido Rodolfo Eiben, Fabiana Mart\u00edn y Julio Serna. El ala ligada al dirigente salte\u00f1o los hab\u00eda acusado de \u201cinconducta moral aliancista reiterada\u201d.<\/p>\n\n\n\n<p>El bloque sigui\u00f3 convulsionado y esta ma\u00f1ana, en una sesi\u00f3n extraordinaria, el organismo vot\u00f3 a favor de destituir a Olmedo de su rol. El dirigente seguir\u00e1 en el Mercosur ocupando su banca como parlamentario. En otro tramo del comunicado, los parlamentarios argentinos que corrieron al salte\u00f1o lo acusaron de \u201cinadecuaciones y conductas desp\u00f3ticas\u201d. Y se\u00f1alaron que, en una sesi\u00f3n,&nbsp;<strong>Olmedo<\/strong>&nbsp;\u201cquit\u00f3 los micr\u00f3fonos de los atriles de los parlamentarios impidiendo que pudieran expresarse de manera libre, condici\u00f3n natural y necesaria de toda instituci\u00f3n de representaci\u00f3n\u201d.<\/p>\n","protected":false},"excerpt":{"rendered":"<p>El dirigente salte\u00f1o fue removido de la conducci\u00f3n de la asamblea parlamentaria tras una pelea en el bloque libertario y por impulso del bloque de Uni\u00f3n por la Patria. Su lugar ser\u00e1 ocupado por Fabiana Mart\u00edn. El dirigente salte\u00f1o\u00a0Alfredo\u00a0Olmedo\u00a0fue removido de la presidencia del\u00a0Parlamento\u00a0del Mercosur\u00a0tras una interna en el bloque de\u00a0La Libertad Avanza\u00a0y con el [&hellip;]<\/p>\n","protected":false},"author":2,"featured_media":4148,"comment_status":"open","ping_status":"open","sticky":false,"template":"","format":"standard","meta":{"footnotes":""},"categories":[20],"tags":[],"_links":{"self":[{"href":"https:\/\/enlamira.info\/index.php\/wp-json\/wp\/v2\/posts\/4146"}],"collection":[{"href":"https:\/\/enlamira.info\/index.php\/wp-json\/wp\/v2\/posts"}],"about":[{"href":"https:\/\/enlamira.info\/index.php\/wp-json\/wp\/v2\/types\/post"}],"author":[{"embeddable":true,"href":"https:\/\/enlamira.info\/index.php\/wp-json\/wp\/v2\/users\/2"}],"replies":[{"embeddable":true,"href":"https:\/\/enlamira.info\/index.php\/wp-json\/wp\/v2\/comments?post=4146"}],"version-history":[{"count":1,"href":"https:\/\/enlamira.info\/index.php\/wp-json\/wp\/v2\/posts\/4146\/revisions"}],"predecessor-version":[{"id":4147,"href":"https:\/\/enlamira.info\/index.php\/wp-json\/wp\/v2\/posts\/4146\/revisions\/4147"}],"wp:featuredmedia":[{"embeddable":true,"href":"https:\/\/enlamira.info\/index.php\/wp-json\/wp\/v2\/media\/4148"}],"wp:attachment":[{"href":"https:\/\/enlamira.info\/index.php\/wp-json\/wp\/v2\/media?parent=4146"}],"wp:term":[{"taxonomy":"category","embeddable":true,"href":"https:\/\/enlamira.info\/index.php\/wp-json\/wp\/v2\/categories?post=4146"},{"taxonomy":"post_tag","embeddable":true,"href":"https:\/\/enlamira.info\/index.php\/wp-json\/wp\/v2\/tags?post=4146"}],"curies":[{"name":"wp","href":"https:\/\/api.w.org\/{rel}","templated":true}]}}