{"id":4143,"date":"2024-04-29T21:27:15","date_gmt":"2024-04-30T00:27:15","guid":{"rendered":"https:\/\/enlamira.info\/?p=4143"},"modified":"2024-04-29T21:44:51","modified_gmt":"2024-04-30T00:44:51","slug":"el-ex-presidente-uruguayo-jose-pepe-mujica-anuncio-que-tiene-un-tumor-en-el-esofago","status":"publish","type":"post","link":"https:\/\/enlamira.info\/index.php\/2024\/04\/29\/el-ex-presidente-uruguayo-jose-pepe-mujica-anuncio-que-tiene-un-tumor-en-el-esofago\/","title":{"rendered":"El ex presidente uruguayo Jos\u00e9 \u201cPepe\u201d Mujica anunci\u00f3 que tiene un tumor en el es\u00f3fago"},"content":{"rendered":"\n<p>El pol\u00edtico de 88 a\u00f1os confirm\u00f3 que le detectaron la enfermedad durante un chequeo m\u00e9dico de rutina.<\/p>\n\n\n\n<p>El ex presidente de\u00a0Uruguay,\u00a0Jos\u00e9 \u201cPepe\u201d Mujica\u00a0confirm\u00f3 a la prensa que le detectaron un tumor en el es\u00f3fago, durante un chequeo m\u00e9dico de rutina y que tras el diagnostico deber\u00e1 iniciar un duro tratamiento.<\/p>\n\n\n\n<p>El ex mandatario charr\u00faa de\u00a088 a\u00f1os\u00a0de edad, brind\u00f3 una conferencia de prensa para explicar el avance de su salud: \u201cSe descubri\u00f3 que tengo un tumor en el es\u00f3fago, que es algo obviamente muy comprometido\u00a0y que es doblemente complejo en mi caso, porque padezco una enfermedad inmunol\u00f3gica hace m\u00e1s de 20 a\u00f1os\u201d, se\u00f1al\u00f3.<\/p>\n\n\n\n<p>\u201cEn mi vida,\u00a0m\u00e1s de una vez anduvo la parca rondando el catre, pero me sigui\u00f3 pastoreando.\u00a0Esta vez me parece que viene con la guada\u00f1a en ristre\u201d, agreg\u00f3\u00a0el pol\u00edtico\u00a0uruguayo, que gobern\u00f3 desde el 2010 al 2015 el vecino pa\u00eds.<\/p>\n\n\n\n<p>Durante la charla, Mujica reflexion\u00f3 que espera lo mejor en cuanto a la enfermedad, pero que sus ri\u00f1ones est\u00e1n muy comprometidos lo que le genera \u201cobvias dificultades\u201d para someterse a las t\u00e9cnicas de quimioterapia o cirug\u00edas.<\/p>\n\n\n\n<p>\u201cTodo eso lo est\u00e1n evaluando los galenos, haciendo an\u00e1lisis celular, c\u00f3mo sigue esta historia. Veremos lo que pasa.\u00a0Mientras pueda, seguir\u00e9 militando\u00a0y entretenido con las verduras. Mientras el rollo aguante, voy a seguir\u201d, dijo el ex\u00a0l\u00edder del gobierno\u00a0charr\u00faa.<\/p>\n\n\n\n<p>Asimismo, \u201cPepe\u201d como le gusta que lo llamen, envi\u00f3 un mensaje a las generaciones m\u00e1s j\u00f3venes: \u201cLuchen por el amor, nadie se salva solo.\u00a0Quiero transmitirles a las pibas y pibes que la vida es hermosa, y se gasta y se va\u201d.<\/p>\n\n\n\n<p>\u201cEl quid de la cuesti\u00f3n es volver a empezar cada vez que uno cae, y si hay bronca, que la transformen en esperanza y que luchen por el amor, que no se dejen engatusar por el odio.\u00a0Nadie se salva solo.\u00a0Si no la utilizamos no somos libres. Y esto hay que entenderlo. Este desaf\u00edo lo tienen las nuevas generaciones. Y la vida es tan hermosa que no tiene sentido que la sacrifiquen por estupideces. Por lo dem\u00e1s,\u00a0estoy agradecido y que me quiten lo bailado\u201d, concluy\u00f3 Mujica.<\/p>\n","protected":false},"excerpt":{"rendered":"<p>El pol\u00edtico de 88 a\u00f1os confirm\u00f3 que le detectaron la enfermedad durante un chequeo m\u00e9dico de rutina. El ex presidente de\u00a0Uruguay,\u00a0Jos\u00e9 \u201cPepe\u201d Mujica\u00a0confirm\u00f3 a la prensa que le detectaron un tumor en el es\u00f3fago, durante un chequeo m\u00e9dico de rutina y que tras el diagnostico deber\u00e1 iniciar un duro tratamiento. El ex mandatario charr\u00faa de\u00a088 [&hellip;]<\/p>\n","protected":false},"author":2,"featured_media":4145,"comment_status":"open","ping_status":"open","sticky":false,"template":"","format":"standard","meta":{"footnotes":""},"categories":[20],"tags":[],"_links":{"self":[{"href":"https:\/\/enlamira.info\/index.php\/wp-json\/wp\/v2\/posts\/4143"}],"collection":[{"href":"https:\/\/enlamira.info\/index.php\/wp-json\/wp\/v2\/posts"}],"about":[{"href":"https:\/\/enlamira.info\/index.php\/wp-json\/wp\/v2\/types\/post"}],"author":[{"embeddable":true,"href":"https:\/\/enlamira.info\/index.php\/wp-json\/wp\/v2\/users\/2"}],"replies":[{"embeddable":true,"href":"https:\/\/enlamira.info\/index.php\/wp-json\/wp\/v2\/comments?post=4143"}],"version-history":[{"count":1,"href":"https:\/\/enlamira.info\/index.php\/wp-json\/wp\/v2\/posts\/4143\/revisions"}],"predecessor-version":[{"id":4144,"href":"https:\/\/enlamira.info\/index.php\/wp-json\/wp\/v2\/posts\/4143\/revisions\/4144"}],"wp:featuredmedia":[{"embeddable":true,"href":"https:\/\/enlamira.info\/index.php\/wp-json\/wp\/v2\/media\/4145"}],"wp:attachment":[{"href":"https:\/\/enlamira.info\/index.php\/wp-json\/wp\/v2\/media?parent=4143"}],"wp:term":[{"taxonomy":"category","embeddable":true,"href":"https:\/\/enlamira.info\/index.php\/wp-json\/wp\/v2\/categories?post=4143"},{"taxonomy":"post_tag","embeddable":true,"href":"https:\/\/enlamira.info\/index.php\/wp-json\/wp\/v2\/tags?post=4143"}],"curies":[{"name":"wp","href":"https:\/\/api.w.org\/{rel}","templated":true}]}}