{"id":4140,"date":"2024-04-29T21:25:55","date_gmt":"2024-04-30T00:25:55","guid":{"rendered":"https:\/\/enlamira.info\/?p=4140"},"modified":"2024-04-29T21:46:57","modified_gmt":"2024-04-30T00:46:57","slug":"despues-de-la-masiva-marcha-universitaria-sandra-pettovello-recibio-al-rector-de-la-uba","status":"publish","type":"post","link":"https:\/\/enlamira.info\/index.php\/2024\/04\/29\/despues-de-la-masiva-marcha-universitaria-sandra-pettovello-recibio-al-rector-de-la-uba\/","title":{"rendered":"Despu\u00e9s de la masiva marcha universitaria, Sandra Pettovello recibi\u00f3 al rector de la UBA"},"content":{"rendered":"\n<p>Para bajar tensiones despu\u00e9s del fuerte reclamo en favor de la educaci\u00f3n p\u00fablica, la ministra de Capital Humano public\u00f3 una foto en la que se la ve sonriente junto al acad\u00e9mico y al secretario del \u00e1rea, Carlos Torrendell.<\/p>\n\n\n\n<p>D\u00edas despu\u00e9s del fuerte reclamo en contra del feroz ajuste del gobierno de\u00a0Javier Milei,\u00a0en la educaci\u00f3n publica, que convoc\u00f3 a m\u00e1s de 200 mil personas en una marcha en defensa de las universidades, la ministra de Capital Humano,\u00a0Sandra Pettovello\u00a0se mostr\u00f3 junto al rector de la\u00a0UBA,\u00a0Ricardo Gelpi.<\/p>\n\n\n\n<p>En la publicaci\u00f3n se puede apreciar una imagen del despacho de la funcionaria cercana al jefe de Estado, acompa\u00f1ada del acad\u00e9mico y el nuevo encargado del \u00e1rea educativa\u00a0Carlos Torrendell, todos sonrientes y un texto en donde se aclara el rumbo que la\u00a0gesti\u00f3n libertaria\u00a0pretende darle al sector.<\/p>\n\n\n\n<p>\u201cNunca desde\u00a0La Libertad Avanza\u00a0o el ministerio de Capital Humano se comunic\u00f3 que se iba a cerrar o desfinanciar la universidad p\u00fablica\u201d, indicaron desde la cuenta de\u00a0X\u00a0(ex Twitter) de la cartera nacional, acampando la captura de la escena, en donde a todos los presentes se los ve sonrientes.<\/p>\n\n\n\n<p>El texto emitido agrega: \u201cLa educaci\u00f3n para nosotros es fundamental, por eso el Presidente adhiri\u00f3 al compromiso de Argentinos por la Educaci\u00f3n cuando a\u00fan estaba en campa\u00f1a\u201d.<\/p>\n\n\n\n<p>\u201cDesde el gobierno apoyamos fuertemente a la educaci\u00f3n p\u00fablica, tanto de gesti\u00f3n estatal como privada. Pero lo que tambi\u00e9n\u00a0buscamos es el uso eficiente de los recursos, por eso resguardamos el dinero del contribuyente para sostener la educaci\u00f3n. Solo van a verse resultados \u00f3ptimos si ese dinero es utilizado para garantizar la educaci\u00f3n y no la pol\u00edtica partidaria\u201d,\u00a0sostiene\u00a0la publicaci\u00f3n oficial.<\/p>\n\n\n\n<p>Para cerrar, el posteo remarca los dichos de Milei, horas despu\u00e9s de la medida de fuerza: \u201cLa marcha universitaria no cambi\u00f3 en nada la relaci\u00f3n ni el di\u00e1logo que ven\u00edamos teniendo con los rectores.\u00a0Como ya manifestamos, un d\u00eda antes se hab\u00edan girado los fondos y aun as\u00ed se realiz\u00f3 la marcha pol\u00edtica opositora\u201d.<\/p>\n","protected":false},"excerpt":{"rendered":"<p>Para bajar tensiones despu\u00e9s del fuerte reclamo en favor de la educaci\u00f3n p\u00fablica, la ministra de Capital Humano public\u00f3 una foto en la que se la ve sonriente junto al acad\u00e9mico y al secretario del \u00e1rea, Carlos Torrendell. D\u00edas despu\u00e9s del fuerte reclamo en contra del feroz ajuste del gobierno de\u00a0Javier Milei,\u00a0en la educaci\u00f3n publica, [&hellip;]<\/p>\n","protected":false},"author":2,"featured_media":4142,"comment_status":"open","ping_status":"open","sticky":false,"template":"","format":"standard","meta":{"footnotes":""},"categories":[20],"tags":[],"_links":{"self":[{"href":"https:\/\/enlamira.info\/index.php\/wp-json\/wp\/v2\/posts\/4140"}],"collection":[{"href":"https:\/\/enlamira.info\/index.php\/wp-json\/wp\/v2\/posts"}],"about":[{"href":"https:\/\/enlamira.info\/index.php\/wp-json\/wp\/v2\/types\/post"}],"author":[{"embeddable":true,"href":"https:\/\/enlamira.info\/index.php\/wp-json\/wp\/v2\/users\/2"}],"replies":[{"embeddable":true,"href":"https:\/\/enlamira.info\/index.php\/wp-json\/wp\/v2\/comments?post=4140"}],"version-history":[{"count":1,"href":"https:\/\/enlamira.info\/index.php\/wp-json\/wp\/v2\/posts\/4140\/revisions"}],"predecessor-version":[{"id":4141,"href":"https:\/\/enlamira.info\/index.php\/wp-json\/wp\/v2\/posts\/4140\/revisions\/4141"}],"wp:featuredmedia":[{"embeddable":true,"href":"https:\/\/enlamira.info\/index.php\/wp-json\/wp\/v2\/media\/4142"}],"wp:attachment":[{"href":"https:\/\/enlamira.info\/index.php\/wp-json\/wp\/v2\/media?parent=4140"}],"wp:term":[{"taxonomy":"category","embeddable":true,"href":"https:\/\/enlamira.info\/index.php\/wp-json\/wp\/v2\/categories?post=4140"},{"taxonomy":"post_tag","embeddable":true,"href":"https:\/\/enlamira.info\/index.php\/wp-json\/wp\/v2\/tags?post=4140"}],"curies":[{"name":"wp","href":"https:\/\/api.w.org\/{rel}","templated":true}]}}