{"id":414,"date":"2024-03-06T17:17:02","date_gmt":"2024-03-06T20:17:02","guid":{"rendered":"https:\/\/enlamira.info\/?p=414"},"modified":"2024-03-06T18:01:45","modified_gmt":"2024-03-06T21:01:45","slug":"marcone-furioso-con-la-dirigencia-de-independiente-tendrian-que-hacer-algo","status":"publish","type":"post","link":"https:\/\/enlamira.info\/index.php\/2024\/03\/06\/marcone-furioso-con-la-dirigencia-de-independiente-tendrian-que-hacer-algo\/","title":{"rendered":"Marcone, furioso con la dirigencia de Independiente: \u201cTendr\u00edan que hacer algo\u201d"},"content":{"rendered":"\n<p>El capit\u00e1n del Rojo se quej\u00f3 de \u201clos antecedentes\u201d del \u00e1rbitro Pablo D\u00f3valo.<\/p>\n\n\n\n<p>Iv\u00e1n Marcone\u00a0tom\u00f3 la palabra por todo el plantel tras\u00a0el pol\u00e9mico empate con Barracas Central\u00a0y le apunt\u00f3 a la propia dirigencia de Independiente por su pasividad.<\/p>\n\n\n\n<p>El capit\u00e1n, furioso, mand\u00f3 al frente a los directivos en\u00a0<em>TyC Sports:<\/em>\u00a0\u201cSi ya sabes que el \u00e1rbitro tiene estos antecedentes desde la dirigencia tendr\u00edan que hacer algo\u201d.<\/p>\n\n\n\n<p>El \u00e1rbitro\u00a0Pablo D\u00f3valo\u00a0(y Lobo Medina el VAR) no expuls\u00f3 a Dom\u00ednguez por una dur\u00edsima entrada al propio Marcone. Tambi\u00e9n reclaman que tampoco se cobraron dos penales por dos manos dentro del \u00e1rea.<\/p>\n\n\n\n<p>Como si fuera poco, D\u00f3valo finalizado el partido ech\u00f3 a Marcone y se perder\u00e1 el cl\u00e1sico con River este fin de semana en Avellaneda.<\/p>\n\n\n\n<figure class=\"wp-block-embed is-type-rich is-provider-twitter wp-block-embed-twitter\"><div class=\"wp-block-embed__wrapper\">\n<blockquote class=\"twitter-tweet\" data-width=\"550\" data-dnt=\"true\"><p lang=\"es\" dir=\"ltr\">&quot;EST\u00c1S EXPULSADO, EST\u00c1S EXPULSADO&quot; Con ese grito para Marcone, se retir\u00f3 de la cancha el \u00e1rbitro Pablo D\u00f3valo \ud83d\udde3\ufe0f<a href=\"https:\/\/twitter.com\/hashtag\/LPFxTNTSports?src=hash&amp;ref_src=twsrc%5Etfw\">#LPFxTNTSports<\/a> <a href=\"https:\/\/t.co\/506gRe1AFt\">pic.twitter.com\/506gRe1AFt<\/a><\/p>&mdash; TNT Sports Argentina (@TNTSportsAR) <a href=\"https:\/\/twitter.com\/TNTSportsAR\/status\/1765165890276848081?ref_src=twsrc%5Etfw\">March 6, 2024<\/a><\/blockquote><script async src=\"https:\/\/platform.twitter.com\/widgets.js\" charset=\"utf-8\"><\/script>\n<\/div><\/figure>\n\n\n\n<p>Carlos Tevez\u00a0fue otro de los que alz\u00f3 la voz en conferencia de prensa:\u00a0\u201cNos cagaron,\u00a0sab\u00edamos que iba a pasar\u201d,<\/p>\n\n\n\n<p>\u201cSe caga en el trabajo de los chicos y del club\u201d, agreg\u00f3 el t\u00e9cnico de Independiente respecto al juez.<\/p>\n\n\n\n<figure class=\"wp-block-embed is-type-rich is-provider-twitter wp-block-embed-twitter\"><div class=\"wp-block-embed__wrapper\">\n<blockquote class=\"twitter-tweet\" data-width=\"550\" data-dnt=\"true\"><p lang=\"es\" dir=\"ltr\">&quot;LA JUGADA DE IV\u00c1N ES ROJA. UNA JUGADA AS\u00cd TE CAMBIA EL PARTIDO&quot;. Tevez se refiri\u00f3 a la pol\u00e9mica jugada entre Alexis Dom\u00ednguez y Marcone.<br><br>\ud83d\udcfa <a href=\"https:\/\/twitter.com\/hashtag\/ESPNenStarPlus?src=hash&amp;ref_src=twsrc%5Etfw\">#ESPNenStarPlus<\/a> <a href=\"https:\/\/t.co\/HbRMsHHrSp\">pic.twitter.com\/HbRMsHHrSp<\/a><\/p>&mdash; SportsCenter (@SC_ESPN) <a href=\"https:\/\/twitter.com\/SC_ESPN\/status\/1765170842919465447?ref_src=twsrc%5Etfw\">March 6, 2024<\/a><\/blockquote><script async src=\"https:\/\/platform.twitter.com\/widgets.js\" charset=\"utf-8\"><\/script>\n<\/div><\/figure>\n","protected":false},"excerpt":{"rendered":"<p>El capit\u00e1n del Rojo se quej\u00f3 de \u201clos antecedentes\u201d del \u00e1rbitro Pablo D\u00f3valo. Iv\u00e1n Marcone\u00a0tom\u00f3 la palabra por todo el plantel tras\u00a0el pol\u00e9mico empate con Barracas Central\u00a0y le apunt\u00f3 a la propia dirigencia de Independiente por su pasividad. El capit\u00e1n, furioso, mand\u00f3 al frente a los directivos en\u00a0TyC Sports:\u00a0\u201cSi ya sabes que el \u00e1rbitro tiene [&hellip;]<\/p>\n","protected":false},"author":2,"featured_media":417,"comment_status":"open","ping_status":"open","sticky":false,"template":"","format":"standard","meta":{"footnotes":""},"categories":[14],"tags":[],"_links":{"self":[{"href":"https:\/\/enlamira.info\/index.php\/wp-json\/wp\/v2\/posts\/414"}],"collection":[{"href":"https:\/\/enlamira.info\/index.php\/wp-json\/wp\/v2\/posts"}],"about":[{"href":"https:\/\/enlamira.info\/index.php\/wp-json\/wp\/v2\/types\/post"}],"author":[{"embeddable":true,"href":"https:\/\/enlamira.info\/index.php\/wp-json\/wp\/v2\/users\/2"}],"replies":[{"embeddable":true,"href":"https:\/\/enlamira.info\/index.php\/wp-json\/wp\/v2\/comments?post=414"}],"version-history":[{"count":2,"href":"https:\/\/enlamira.info\/index.php\/wp-json\/wp\/v2\/posts\/414\/revisions"}],"predecessor-version":[{"id":418,"href":"https:\/\/enlamira.info\/index.php\/wp-json\/wp\/v2\/posts\/414\/revisions\/418"}],"wp:featuredmedia":[{"embeddable":true,"href":"https:\/\/enlamira.info\/index.php\/wp-json\/wp\/v2\/media\/417"}],"wp:attachment":[{"href":"https:\/\/enlamira.info\/index.php\/wp-json\/wp\/v2\/media?parent=414"}],"wp:term":[{"taxonomy":"category","embeddable":true,"href":"https:\/\/enlamira.info\/index.php\/wp-json\/wp\/v2\/categories?post=414"},{"taxonomy":"post_tag","embeddable":true,"href":"https:\/\/enlamira.info\/index.php\/wp-json\/wp\/v2\/tags?post=414"}],"curies":[{"name":"wp","href":"https:\/\/api.w.org\/{rel}","templated":true}]}}