{"id":4137,"date":"2024-04-29T21:24:17","date_gmt":"2024-04-30T00:24:17","guid":{"rendered":"https:\/\/enlamira.info\/?p=4137"},"modified":"2024-04-29T21:47:59","modified_gmt":"2024-04-30T00:47:59","slug":"evacuaron-a-los-pasajeros-de-la-linea-b-del-subte-tras-quedar-atrapados-en-una-formacion-por-dos-horas","status":"publish","type":"post","link":"https:\/\/enlamira.info\/index.php\/2024\/04\/29\/evacuaron-a-los-pasajeros-de-la-linea-b-del-subte-tras-quedar-atrapados-en-una-formacion-por-dos-horas\/","title":{"rendered":"Evacuaron a los pasajeros de la l\u00ednea B del subte tras quedar atrapados en una formaci\u00f3n por dos horas"},"content":{"rendered":"\n<p>El servicio fue interrumpido hacia las 20 y los pasajeros tuvieron que evacuar las estaciones de Malabia y \u00c1ngel Gallardo bajo tierra, a pie y con asistencia del SAME.<\/p>\n\n\n\n<p>La\u00a0l\u00ednea B del\u00a0subte\u00a0se vio interrumpida este lunes debido a problemas t\u00e9cnicos, generando p\u00e1nico y frustraci\u00f3n entre los pasajeros. Esta noche, una formaci\u00f3n qued\u00f3 detenida entre las estaciones de \u00c1ngel Gallardo y Malabia, y los pasajeros tuvieron que ser evacuados a pie y bajo tierra.<\/p>\n\n\n\n<p>La situaci\u00f3n llev\u00f3 a cortar la avenida Corrientes para facilitar el ingreso de ambulancias y bomberos, ya que hubo pasajeros descompensados por el encierro extendido.&nbsp;<\/p>\n\n\n\n<p>Seg\u00fan indic\u00f3 el\u00a0Gobierno\u00a0porte\u00f1o, al menos 18 personas recibieron atenci\u00f3n m\u00e9dica y dos fueron trasladadas a un hospital por hiperventilaci\u00f3n.<\/p>\n\n\n\n<figure class=\"wp-block-embed is-type-rich is-provider-twitter wp-block-embed-twitter\"><div class=\"wp-block-embed__wrapper\">\n<blockquote class=\"twitter-tweet\" data-width=\"550\" data-dnt=\"true\"><p lang=\"es\" dir=\"ltr\">\ud83d\udea8\ud83d\udd34 Algunos pasajeros se descompensaron despu\u00e9s de estar dos horas varados en la l\u00ednea B de subte. Intervino el SAME. <a href=\"https:\/\/t.co\/S1PIAYRgCK\">pic.twitter.com\/S1PIAYRgCK<\/a><\/p>&mdash; Nexofin (@Nexofin) <a href=\"https:\/\/twitter.com\/Nexofin\/status\/1785090514326351935?ref_src=twsrc%5Etfw\">April 29, 2024<\/a><\/blockquote><script async src=\"https:\/\/platform.twitter.com\/widgets.js\" charset=\"utf-8\"><\/script>\n<\/div><\/figure>\n\n\n\n<p>En tanto, la empresa\u00a0Emova, concesionaria del servicio, emiti\u00f3 respuestas a los reclamos de algunos usuarios. \u201cHola, lamentamos esta eventualidad que tenemos en la L\u00ednea en este momento.\u00a0El servicio est\u00e1 interrumpido debido a una causa t\u00e9cnica en una formaci\u00f3n. Estamos trabajando para resolver lo m\u00e1s r\u00e1pido posible la situaci\u00f3n.\u00a0Apenas normalicemos lo comunicaremos\u201d, escribi\u00f3 la empresa en sus redes.<\/p>\n\n\n\n<p>Las quejas de los usuarios no tardaron en hacerse notar en X y varios de los pasajeros subieron videos del escape. De hecho, hubo quienes reportaron que estuvieron m\u00e1s de una hora -y hasta tres- atrapados dentro de la formaci\u00f3n.<\/p>\n\n\n\n<p>\u201cVerg\u00fcenza en el Subte B @Emova_arg sin protocolo de emergencia dej\u00e1ndonos m\u00e1s de una hora encerrados sin ventilaci\u00f3n. Bomberos y ambulancia fueron contactados por los pasajeros\u201d, escribi\u00f3 una usuaria en la red social Twitter\/X.&nbsp;\u201cHora y media atrapado en el subte B antes de llegar a Malabia, no se pod\u00eda ni respirar, casi la quedo\u201d, twite\u00f3 otro pasajero.<\/p>\n\n\n\n<p>Con el paso de las horas y la acumulaci\u00f3n de quejas, la empresa emiti\u00f3 un comunicado.\u00a0\u201cCon respecto al evento ocurrido a en la L\u00ednea B este lunes por la tarde, Emova informa que a partir de las 17:45 se present\u00f3 un problema t\u00e9cnico en una formaci\u00f3n detenida entre las estaciones Malabia y \u00c1ngel Gallardo\u201d, inform\u00f3.<\/p>\n\n\n\n<p>Y a\u00f1adi\u00f3: \u201cA ra\u00edz de este inconveniente primero se tuvo que realizar un servicio limitado entre Dorrego y Rosas. Los mec\u00e1nicos especializados intentaron realizar maniobras para mover la formaci\u00f3n y evitar la evacuaci\u00f3n, pero debido a que no fue posible, a las 18: 20 se procedi\u00f3 a interrumpir el servicio de la L\u00ednea y la energ\u00eda para implementar el protocolo de seguridad operacional para estos casos y evacuar la formaci\u00f3n detenida\u201d.<\/p>\n\n\n\n<p>\u201cSimult\u00e1neamente arribaron a la estaci\u00f3n personal de Bomberos, SAME y personal de Emova para asistir en el procedimiento que se realiz\u00f3 sin inconvenientes. Siendo las 19.30 se est\u00e1n realizando las verificaciones t\u00e9cnicas para reponer el servicio\u201d, concluy\u00f3 el comunicado.<\/p>\n\n\n\n<p>Por su parte, desde la Polic\u00eda de la Ciudad informaron que de las operaciones de rescate participaron agentes consignados en las L\u00edneas A y B, Bomberos de la Ciudad, el SAME y personal de la empresa EMOVA.<\/p>\n","protected":false},"excerpt":{"rendered":"<p>El servicio fue interrumpido hacia las 20 y los pasajeros tuvieron que evacuar las estaciones de Malabia y \u00c1ngel Gallardo bajo tierra, a pie y con asistencia del SAME. La\u00a0l\u00ednea B del\u00a0subte\u00a0se vio interrumpida este lunes debido a problemas t\u00e9cnicos, generando p\u00e1nico y frustraci\u00f3n entre los pasajeros. Esta noche, una formaci\u00f3n qued\u00f3 detenida entre las [&hellip;]<\/p>\n","protected":false},"author":2,"featured_media":4139,"comment_status":"open","ping_status":"open","sticky":false,"template":"","format":"standard","meta":{"footnotes":""},"categories":[34],"tags":[],"_links":{"self":[{"href":"https:\/\/enlamira.info\/index.php\/wp-json\/wp\/v2\/posts\/4137"}],"collection":[{"href":"https:\/\/enlamira.info\/index.php\/wp-json\/wp\/v2\/posts"}],"about":[{"href":"https:\/\/enlamira.info\/index.php\/wp-json\/wp\/v2\/types\/post"}],"author":[{"embeddable":true,"href":"https:\/\/enlamira.info\/index.php\/wp-json\/wp\/v2\/users\/2"}],"replies":[{"embeddable":true,"href":"https:\/\/enlamira.info\/index.php\/wp-json\/wp\/v2\/comments?post=4137"}],"version-history":[{"count":1,"href":"https:\/\/enlamira.info\/index.php\/wp-json\/wp\/v2\/posts\/4137\/revisions"}],"predecessor-version":[{"id":4138,"href":"https:\/\/enlamira.info\/index.php\/wp-json\/wp\/v2\/posts\/4137\/revisions\/4138"}],"wp:featuredmedia":[{"embeddable":true,"href":"https:\/\/enlamira.info\/index.php\/wp-json\/wp\/v2\/media\/4139"}],"wp:attachment":[{"href":"https:\/\/enlamira.info\/index.php\/wp-json\/wp\/v2\/media?parent=4137"}],"wp:term":[{"taxonomy":"category","embeddable":true,"href":"https:\/\/enlamira.info\/index.php\/wp-json\/wp\/v2\/categories?post=4137"},{"taxonomy":"post_tag","embeddable":true,"href":"https:\/\/enlamira.info\/index.php\/wp-json\/wp\/v2\/tags?post=4137"}],"curies":[{"name":"wp","href":"https:\/\/api.w.org\/{rel}","templated":true}]}}