{"id":4127,"date":"2024-04-29T21:20:25","date_gmt":"2024-04-30T00:20:25","guid":{"rendered":"https:\/\/enlamira.info\/?p=4127"},"modified":"2024-04-29T21:50:40","modified_gmt":"2024-04-30T00:50:40","slug":"luis-caputo-anticipo-que-el-gobierno-analiza-un-nuevo-programa-con-el-fondo-monetario-internacional","status":"publish","type":"post","link":"https:\/\/enlamira.info\/index.php\/2024\/04\/29\/luis-caputo-anticipo-que-el-gobierno-analiza-un-nuevo-programa-con-el-fondo-monetario-internacional\/","title":{"rendered":"Luis Caputo anticip\u00f3 que el Gobierno analiza \u201cun nuevo programa\u201d con el Fondo Monetario Internacional"},"content":{"rendered":"\n<p>En medio del debate en Diputados por la Ley Bases, el ministro de Econom\u00eda sostuvo que la aprobaci\u00f3n del proyecto oficialista no compromete su objetivo para lograr el super\u00e1vit fiscal.<\/p>\n\n\n\n<p>Durante un evento organizado por la Fundaci\u00f3n Mediterr\u00e1nea en la Bolsa de Comercio, el\u00a0ministro de Econom\u00eda, Luis Caputo, enfatiz\u00f3 la posici\u00f3n del gobierno respecto al equilibrio fiscal en medio del debate de la\u00a0Ley Bases\u00a0en Diputados.\u00a0Ante m\u00e1s de 500 empresarios, el ministro declar\u00f3: \u201cNo vamos a resignar el equilibrio fiscal\u201d. Asimismo, asegur\u00f3 que se est\u00e1 negociando \u201cun nuevo programa con el\u00a0Fondo Monetario Internacional\u201d.<\/p>\n\n\n\n<p>Consultado sobre si se puede acelerar la recomposici\u00f3n de reservas del Banco Central gracias a la entrada de d\u00f3lares producto de la cosecha, y as\u00ed liberar el cepo, Caputo se\u00f1al\u00f3: \u201cSi tuvi\u00e9ramos plata eso ser\u00eda un atajo. No creo que pase en el cort\u00edsimo plazo. Reci\u00e9n estamos hablando de un nuevo programa con el Fondo. Tenemos la ventaja de que hemos ganado much\u00edsima credibilidad\u201d.&nbsp;<\/p>\n\n\n\n<p>\u201cT\u00edpicamente cuando uno negocia con Fondo la econom\u00eda se est\u00e1 derrumbando y hay presi\u00f3n para que haya un acuerdo r\u00e1pido porque el pa\u00eds est\u00e1 yendo a los tumbos. Este es el primer caso donde\u00a0estamos yendo a un nuevo programa en una situaci\u00f3n de recuperaci\u00f3n. El Fondo por eso quiere aguantar un poco m\u00e1s y no tiene incentivo para acelerarlo. No nos tiene que agarrar la ansiedad\u201d, continu\u00f3.<\/p>\n\n\n\n<p>\u201cEs importante que la Ley Bases pase, porque muestra un soporte pol\u00edtico que importa afuera y para los empresarios\u201d, afirm\u00f3 el ministro m\u00e1s adelante. No obstante, aclar\u00f3 que la aprobaci\u00f3n de la Ley Bases no compromete la decisi\u00f3n del Gobierno de asegurar el super\u00e1vit fiscal.\u00a0<\/p>\n\n\n\n<p>\u201cCuando pensamos el plan fiscal lo hicimos sin contar la Ley Bases. Eso nos forz\u00f3 a subir el impuesto PAIS, porque sab\u00edamos que no ten\u00edamos poder de negociaci\u00f3n. Eso corre para hoy tambi\u00e9n.\u00a0Aunque no salga la ley, no vamos a incumplir el super\u00e1vit fiscal.\u00a0La ley sirve para los argentinos. Tiene muchas cosas que le sirven al pa\u00eds. Es importante que la ley pase, porque muestra un soporte pol\u00edtico que importa afuera y para los empresarios. Es para que tengamos un mejor pa\u00eds y para mejorar la calidad del ajuste fiscal\u201d, afirm\u00f3 el titular del Palacio de Hacienda.<\/p>\n\n\n\n<p>En esta l\u00ednea, Caputo asegur\u00f3 que cuando el\u00a0Gobierno\u00a0libertario asumi\u00f3, el pa\u00eds iba hacia \u201cuna hiperinflaci\u00f3n garantizada, una crisis terminal\u201d. \u201cCuando supe que iba a ser el ministro me llamaron colegas y pol\u00edticos y me dijeron que no agarrara. Esas eran las expectativas\u201d, revel\u00f3.\u00a0<\/p>\n\n\n\n<p>\u201cMuchos dec\u00edan que el d\u00f3lar iba a ir a 4 mil y que \u00edbamos a una h\u00edper. El d\u00f3lar sigue igual y recompusimos las reservas. Si no es un plan lo disimula bastante bien\u201d, dijo. Y enfatiz\u00f3: \u201cPara nosotros lo m\u00e1s importante es mantener la estabilidad. No resignamos estas anclas, que algunos tratan de subestimar.\u00a0La sorpresa no son los resultados sino que Argentina haya hecho finalmente lo que hab\u00eda que hacer\u201d.<\/p>\n\n\n\n<p>Tras ser consultado por el impacto de las mejoras financieras en la econom\u00eda real, Caputo afirm\u00f3:\u00a0\u201cLos indicadores m\u00e1s optimistas es que empezamos a ver una recuperaci\u00f3n del salario real en el empleo registrado.\u00a0Estos indicadores suelen anticipar que viene una recuperaci\u00f3n econ\u00f3mica. Pero tambi\u00e9n la recuperaci\u00f3n depende de cu\u00e1n exitosos seamos nosotros para convencer a los empresarios de que hay una oportunidad. Porque la recuperaci\u00f3n viene mucho del lado de la micro\u201d.\u00a0<\/p>\n\n\n\n<p>Y se\u00f1al\u00f3: \u201cEs un momento para ponerse positivos. La sociedad tambi\u00e9n piensa que estamos en el camino correcto. Si ustedes invierten, la econom\u00eda va a crecer, vamos a recaudar m\u00e1s, vamos a tener super\u00e1vit y vamos a bajar impuestos\u201d.<\/p>\n\n\n\n<p>Asimismo, en l\u00ednea con lo dicho por el Presidente esta semana, el titular de Hacienda consider\u00f3 que los salarios comenzaron a recuperarse y asegur\u00f3 que se trata de un hecho clave.&nbsp;<\/p>\n\n\n\n<p>\u201cLa recuperaci\u00f3n de los salarios es clave y ya est\u00e1 empezando.\u00a0Creo que se va a continuar por el resto del a\u00f1o. Somos muy optimistas con el proceso de deflaci\u00f3n y porque es lo que debiera pasar. La mayor causa de inflaci\u00f3n en los \u00faltimos a\u00f1os era la huida del peso. Hoy tuvimos una contracci\u00f3n del 27% de la base amplia. Ese sobrante de pesos ya no est\u00e1. La expectativa econ\u00f3mica hoy cambi\u00f3. No hay esa necesidad de huir del peso y convalidar cualquier precio como pasaba antes. Eso hace a los precios bajar\u201d, sostuvo. Y sum\u00f3 tras la pol\u00e9mica por las prepagas: \u201cNosotros no controlamos precios, controlamos conductas\u201d.<\/p>\n\n\n\n<p>\u201cLa recesi\u00f3n que se est\u00e1 viendo es producto de muchos que reconocen la situaci\u00f3n y muchos otros que esperan y se resisten a bajar los precios. Si los empresarios pusieran los precios m\u00e1s razonables, sin lugar a duda vender\u00edan y la econom\u00eda se recuperar\u00eda y crecer\u00eda\u201d, agreg\u00f3 el ministro de Econom\u00eda.<\/p>\n\n\n\n<p><\/p>\n","protected":false},"excerpt":{"rendered":"<p>En medio del debate en Diputados por la Ley Bases, el ministro de Econom\u00eda sostuvo que la aprobaci\u00f3n del proyecto oficialista no compromete su objetivo para lograr el super\u00e1vit fiscal. Durante un evento organizado por la Fundaci\u00f3n Mediterr\u00e1nea en la Bolsa de Comercio, el\u00a0ministro de Econom\u00eda, Luis Caputo, enfatiz\u00f3 la posici\u00f3n del gobierno respecto al [&hellip;]<\/p>\n","protected":false},"author":2,"featured_media":4129,"comment_status":"open","ping_status":"open","sticky":false,"template":"","format":"standard","meta":{"footnotes":""},"categories":[22],"tags":[],"_links":{"self":[{"href":"https:\/\/enlamira.info\/index.php\/wp-json\/wp\/v2\/posts\/4127"}],"collection":[{"href":"https:\/\/enlamira.info\/index.php\/wp-json\/wp\/v2\/posts"}],"about":[{"href":"https:\/\/enlamira.info\/index.php\/wp-json\/wp\/v2\/types\/post"}],"author":[{"embeddable":true,"href":"https:\/\/enlamira.info\/index.php\/wp-json\/wp\/v2\/users\/2"}],"replies":[{"embeddable":true,"href":"https:\/\/enlamira.info\/index.php\/wp-json\/wp\/v2\/comments?post=4127"}],"version-history":[{"count":1,"href":"https:\/\/enlamira.info\/index.php\/wp-json\/wp\/v2\/posts\/4127\/revisions"}],"predecessor-version":[{"id":4128,"href":"https:\/\/enlamira.info\/index.php\/wp-json\/wp\/v2\/posts\/4127\/revisions\/4128"}],"wp:featuredmedia":[{"embeddable":true,"href":"https:\/\/enlamira.info\/index.php\/wp-json\/wp\/v2\/media\/4129"}],"wp:attachment":[{"href":"https:\/\/enlamira.info\/index.php\/wp-json\/wp\/v2\/media?parent=4127"}],"wp:term":[{"taxonomy":"category","embeddable":true,"href":"https:\/\/enlamira.info\/index.php\/wp-json\/wp\/v2\/categories?post=4127"},{"taxonomy":"post_tag","embeddable":true,"href":"https:\/\/enlamira.info\/index.php\/wp-json\/wp\/v2\/tags?post=4127"}],"curies":[{"name":"wp","href":"https:\/\/api.w.org\/{rel}","templated":true}]}}