{"id":409,"date":"2024-03-06T17:15:35","date_gmt":"2024-03-06T20:15:35","guid":{"rendered":"https:\/\/enlamira.info\/?p=409"},"modified":"2024-03-06T18:01:56","modified_gmt":"2024-03-06T21:01:56","slug":"carlos-tevez-y-kun-aguero-vs-pablo-toviggino-explosivo-cruce-luego-de-otro-escandalo-arbitral","status":"publish","type":"post","link":"https:\/\/enlamira.info\/index.php\/2024\/03\/06\/carlos-tevez-y-kun-aguero-vs-pablo-toviggino-explosivo-cruce-luego-de-otro-escandalo-arbitral\/","title":{"rendered":"Carlos Tevez y Kun Ag\u00fcero vs Pablo Toviggino: explosivo cruce luego de otro esc\u00e1ndalo arbitral"},"content":{"rendered":"\n<p>El tesorero de la Asociaci\u00f3n del F\u00fatbol Argentino le respondi\u00f3 al Apache a trav\u00e9s de su cuenta de Twitter, luego del pol\u00e9mico partido entre Independiente y Barracas Central. Ah\u00ed, apareci\u00f3 el ex jugador del Manchester City en defensa del DT<\/p>\n\n\n\n<p>Independiente y Barracas Central igualaron 2 a 2\u00a0en un partido con un nuevo esc\u00e1ndalo, donde los de Avellaneda se vieron muy perjudicados por el arbitraje de\u00a0Pablo D\u00f3valo.<\/p>\n\n\n\n<p>El entrenador del Rojo,\u00a0Carlos Tevez,\u00a0fue muy duro con el juez y con quienes manejan el f\u00fatbol argentino en la conferencia de prensa.<\/p>\n\n\n\n<p>\u201cEs muy dif\u00edcil y muy notorio porque venimos diciendo que Pablo (D\u00f3valo) con Barracas tiene antecedentes.\u00a0Estuvo toda la semana esto instalado y viene y te roba igual\u2026 Es una locura lo de este tipo\u201c.\u00a0Y agreg\u00f3:\u00a0\u201cCallarse en esta instancia no me parece justo. Todos los DTs venimos pidiendo solamente una cosa: que no nos caguen.\u00a0No quiero que me cobren ni bien ni mal\u2026 Que no nos caguen\u201c, comenz\u00f3 el Apache en la rueda de preguntas.<\/p>\n\n\n\n<p>\u201cComo sab\u00edamos que este tipo es de hacer estas cosas\u2026\u00a0Es como que un chorro venga a tu casa y te diga que te va a robar. Y que despu\u00e9s vaya y te robe. Y con una cara que despu\u00e9s se te planta y te quiere pelear. Una locura. Me\u00a0parece que el f\u00fatbol argentino hoy est\u00e1 da\u00f1ado\u201c, concluy\u00f3.<\/p>\n\n\n\n<p>Y quien cruz\u00f3 a Tevez minutos m\u00e1s tarde fue el propio tesorero de la AFA,\u00a0Pablo Toviggino.\u00a0<\/p>\n\n\n\n<p>\u201cComo no eras tan estudioso en el curso para DT (digo por el Anal\u00edtico) seguro hay cosas que las ves confusas. Raro de vos, jugando comet\u00edas faltas de c\u00e1rcel y solo terminaban en amarillas!! Tampoco te escuch\u00e9 en algunos partidos anteriores, que me reservo. En fin, Memoria E\u00f3lica!!!\u201d,\u00a0escribi\u00f3 en su cuenta de Twitter.<\/p>\n\n\n\n<p>Y ah\u00ed, se desat\u00f3 la guerra en Twitter. El propio entrenador de Independiente, sumado a la complicidad de<strong>&nbsp;Sergio Ag\u00fcero<\/strong>&nbsp;que tambi\u00e9n se meti\u00f3 en el l\u00edo, se descarg\u00f3 contra el mercenario dirigente.<\/p>\n\n\n\n<p>\u201cMe parece que tantas idas y vueltas a Pilar te est\u00e1n haciendo perder un poquito, Toviggino. Aparte de la colecci\u00f3n de autos antiguos e importados que acumul\u00e1s en Pilar, tambi\u00e9n enterrar los bolsos que trajiste de Qatar y de los amistosos en China, memoria Ali Baba\u201d, escribi\u00f3 el Apache.<\/p>\n\n\n\n<p>Por su parte, el Kun cit\u00f3 el tuit de Toviggino y lanz\u00f3:\u00a0\u201cAntes de hablar porque no explicas bien c\u00f3mo funciona el VAR ? Porque la verdad no se entiende nada papi . Ah y vos que curso Tenes ?\u201d.\u00a0\u00a0<\/p>\n\n\n\n<p>Hay que tener en cuenta que D\u00f3valo fue abordado por la prensa a la salida del estadio y se limit\u00f3 a dar unas breves declaraciones sobre sus decisiones: \u201cNo vi nada\u201d, asegur\u00f3 inicialmente ante la bronca de los jugadores del Rojo y las frases de Tevez. Al mismo tiempo que asegur\u00f3 que no consider\u00f3 como expulsi\u00f3n la de Dom\u00ednguez. En fin, una nueva jornada negra en el f\u00fatbol argentino, y van\u2026<\/p>\n","protected":false},"excerpt":{"rendered":"<p>El tesorero de la Asociaci\u00f3n del F\u00fatbol Argentino le respondi\u00f3 al Apache a trav\u00e9s de su cuenta de Twitter, luego del pol\u00e9mico partido entre Independiente y Barracas Central. Ah\u00ed, apareci\u00f3 el ex jugador del Manchester City en defensa del DT Independiente y Barracas Central igualaron 2 a 2\u00a0en un partido con un nuevo esc\u00e1ndalo, donde [&hellip;]<\/p>\n","protected":false},"author":2,"featured_media":412,"comment_status":"open","ping_status":"open","sticky":false,"template":"","format":"standard","meta":{"footnotes":""},"categories":[14],"tags":[],"_links":{"self":[{"href":"https:\/\/enlamira.info\/index.php\/wp-json\/wp\/v2\/posts\/409"}],"collection":[{"href":"https:\/\/enlamira.info\/index.php\/wp-json\/wp\/v2\/posts"}],"about":[{"href":"https:\/\/enlamira.info\/index.php\/wp-json\/wp\/v2\/types\/post"}],"author":[{"embeddable":true,"href":"https:\/\/enlamira.info\/index.php\/wp-json\/wp\/v2\/users\/2"}],"replies":[{"embeddable":true,"href":"https:\/\/enlamira.info\/index.php\/wp-json\/wp\/v2\/comments?post=409"}],"version-history":[{"count":2,"href":"https:\/\/enlamira.info\/index.php\/wp-json\/wp\/v2\/posts\/409\/revisions"}],"predecessor-version":[{"id":413,"href":"https:\/\/enlamira.info\/index.php\/wp-json\/wp\/v2\/posts\/409\/revisions\/413"}],"wp:featuredmedia":[{"embeddable":true,"href":"https:\/\/enlamira.info\/index.php\/wp-json\/wp\/v2\/media\/412"}],"wp:attachment":[{"href":"https:\/\/enlamira.info\/index.php\/wp-json\/wp\/v2\/media?parent=409"}],"wp:term":[{"taxonomy":"category","embeddable":true,"href":"https:\/\/enlamira.info\/index.php\/wp-json\/wp\/v2\/categories?post=409"},{"taxonomy":"post_tag","embeddable":true,"href":"https:\/\/enlamira.info\/index.php\/wp-json\/wp\/v2\/tags?post=409"}],"curies":[{"name":"wp","href":"https:\/\/api.w.org\/{rel}","templated":true}]}}