{"id":4087,"date":"2024-04-28T22:50:15","date_gmt":"2024-04-29T01:50:15","guid":{"rendered":"https:\/\/enlamira.info\/?p=4087"},"modified":"2024-04-28T22:51:40","modified_gmt":"2024-04-29T01:51:40","slug":"el-papa-francisco-puso-una-fecha-limite-para-decidir-si-viaja-a-la-argentina","status":"publish","type":"post","link":"https:\/\/enlamira.info\/index.php\/2024\/04\/28\/el-papa-francisco-puso-una-fecha-limite-para-decidir-si-viaja-a-la-argentina\/","title":{"rendered":"El Papa Francisco puso una fecha l\u00edmite para decidir si viaja a la Argentina"},"content":{"rendered":"\n<p>La visita del l\u00edder de la Iglesia Cat\u00f3lica depender\u00e1 de su condici\u00f3n f\u00edsica despu\u00e9s de que realice una gira de casi dos semanas por Asia y Ocean\u00eda.El Papa Francisco fij\u00f3 una\u00a0fecha para decidir si realizar\u00e1 su esperado viaje a Argentina, lo que constituir\u00eda un cap\u00edtulo crucial en la larga novela sobre su visita al\u00a0pa\u00eds.\u00a0La decisi\u00f3n se tomar\u00e1 a mediados de septiembre, tras su regreso de una gira por Asia y Ocean\u00eda, y depender\u00e1 principalmente de su condici\u00f3n f\u00edsica, considerando sus\u00a087 a\u00f1os\u00a0y algunos problemas de salud que enfrenta.<\/p>\n\n\n\n<p>La posibilidad de que el Papa visite Argentina se ha visto influenciada por consideraciones sobre su salud,\u00a0dejando de lado la\u00a0polarizaci\u00f3n pol\u00edtica\u00a0en el pa\u00eds. La fuerte grieta pol\u00edtica ha sido un factor que ha demorado la visita papal, ya que se tem\u00eda que cualquier acci\u00f3n o declaraci\u00f3n del Papa generara controversia y discordia.<\/p>\n\n\n\n<p>Aunque\u00a0la fecha exacta del posible viaje papal a\u00fan no se ha confirmado, se estima que ser\u00eda entre noviembre y principios de diciembre, despu\u00e9s de la segunda parte de un s\u00ednodo mundial de obispos. La salud del Papa, marcada por problemas como una microfractura en la rodilla y recurrentes episodios de bronquitis, ser\u00e1 un factor determinante en su decisi\u00f3n.<\/p>\n\n\n\n<p>Diversos sectores en Argentina est\u00e1n ansiosos por la visita del Papa, imaginando posibles actividades y encuentros que podr\u00eda realizar durante su estad\u00eda en el pa\u00eds.\u00a0Tanto\u00a0empresarios\u00a0como\u00a0sindicalistas\u00a0est\u00e1n considerando la posibilidad de organizar eventos especiales en su honor.<\/p>\n\n\n\n<p>El presidente\u00a0 Javier\u00a0Milei, ha expresado su deseo de recibir al Papa,\u00a0pasando de ser un cr\u00edtico severo a querer ser el anfitri\u00f3n de la visita papal.<\/p>\n","protected":false},"excerpt":{"rendered":"<p>La visita del l\u00edder de la Iglesia Cat\u00f3lica depender\u00e1 de su condici\u00f3n f\u00edsica despu\u00e9s de que realice una gira de casi dos semanas por Asia y Ocean\u00eda.El Papa Francisco fij\u00f3 una\u00a0fecha para decidir si realizar\u00e1 su esperado viaje a Argentina, lo que constituir\u00eda un cap\u00edtulo crucial en la larga novela sobre su visita al\u00a0pa\u00eds.\u00a0La decisi\u00f3n [&hellip;]<\/p>\n","protected":false},"author":2,"featured_media":4090,"comment_status":"open","ping_status":"open","sticky":false,"template":"","format":"standard","meta":{"footnotes":""},"categories":[30],"tags":[],"_links":{"self":[{"href":"https:\/\/enlamira.info\/index.php\/wp-json\/wp\/v2\/posts\/4087"}],"collection":[{"href":"https:\/\/enlamira.info\/index.php\/wp-json\/wp\/v2\/posts"}],"about":[{"href":"https:\/\/enlamira.info\/index.php\/wp-json\/wp\/v2\/types\/post"}],"author":[{"embeddable":true,"href":"https:\/\/enlamira.info\/index.php\/wp-json\/wp\/v2\/users\/2"}],"replies":[{"embeddable":true,"href":"https:\/\/enlamira.info\/index.php\/wp-json\/wp\/v2\/comments?post=4087"}],"version-history":[{"count":1,"href":"https:\/\/enlamira.info\/index.php\/wp-json\/wp\/v2\/posts\/4087\/revisions"}],"predecessor-version":[{"id":4088,"href":"https:\/\/enlamira.info\/index.php\/wp-json\/wp\/v2\/posts\/4087\/revisions\/4088"}],"wp:featuredmedia":[{"embeddable":true,"href":"https:\/\/enlamira.info\/index.php\/wp-json\/wp\/v2\/media\/4090"}],"wp:attachment":[{"href":"https:\/\/enlamira.info\/index.php\/wp-json\/wp\/v2\/media?parent=4087"}],"wp:term":[{"taxonomy":"category","embeddable":true,"href":"https:\/\/enlamira.info\/index.php\/wp-json\/wp\/v2\/categories?post=4087"},{"taxonomy":"post_tag","embeddable":true,"href":"https:\/\/enlamira.info\/index.php\/wp-json\/wp\/v2\/tags?post=4087"}],"curies":[{"name":"wp","href":"https:\/\/api.w.org\/{rel}","templated":true}]}}