{"id":4084,"date":"2024-04-28T22:48:54","date_gmt":"2024-04-29T01:48:54","guid":{"rendered":"https:\/\/enlamira.info\/?p=4084"},"modified":"2024-04-28T22:54:10","modified_gmt":"2024-04-29T01:54:10","slug":"interna-entre-la-campora-y-axel-kicillof-el-kirchnerismo-duro-teme-que-no-haya-vuelta-atras","status":"publish","type":"post","link":"https:\/\/enlamira.info\/index.php\/2024\/04\/28\/interna-entre-la-campora-y-axel-kicillof-el-kirchnerismo-duro-teme-que-no-haya-vuelta-atras\/","title":{"rendered":"Interna entre La C\u00e1mpora y Axel Kicillof: el kirchnerismo duro teme que no haya vuelta atr\u00e1s"},"content":{"rendered":"\n<p>Tras la reaparici\u00f3n de la expresidenta en Quilmes, hubo un encuentro personal entre M\u00e1ximo Kirchner y el gobernador bonaerense, donde afirman que CFK intent\u00f3 bajarle el tono la discusi\u00f3n para evitar una fatal ruptura.<\/p>\n\n\n\n<p>Luego de\u00a0apuntar\u00a0contra el presidente\u00a0Javier\u00a0Milei\u00a0en un encendido discurso junto a la intendenta\u00a0Mayra Mendoza\u00a0en Quilmes,\u00a0Cristina Kirchner\u00a0qued\u00f3 en una posici\u00f3n incierta frente a la interna que se evidenci\u00f3 en las \u00faltimas semanas entre sectores del peronismo integrados por\u00a0Axel Kicillof y referentes de La C\u00e1mpora, la agrupaci\u00f3n de\u00a0M\u00e1ximo Kirchner.<\/p>\n\n\n\n<p>Con diferentes grados de tensi\u00f3n, en el peronismo sostienen mayoritariamente la postura de que\u00a0Cristina\u00a0intenta un papel componedor que evite la amplificaci\u00f3n del enfrentamiento y dividir a\u00fan m\u00e1s el espacio, ante el avance de los libertarios.<\/p>\n\n\n\n<p>En el c\u00edrculo m\u00e1s cercano al gobernador\u00a0Kicillof\u00a0sostienen que nada ha cambiado en su v\u00ednculo con la ex jefa de Estado.<\/p>\n\n\n\n<p>\u201cEllos siguen hablando con la habitualidad de siempre\u201d, afirma una fuente de trato diario con el mandatario provincial. \u201cSe reunieron post-l\u00edo y est\u00e1 todo bien\u201d, dice otro informante. \u201cS\u00e9 que hace tiempo no lo ve\u00eda\u201d, plantea una fuente que dice desconocer si finalmente el cara a cara se produjo.<\/p>\n\n\n\n<p>\u201cEst\u00e1 todo tirante. \u201cElla est\u00e1 tratando de componer, pero M\u00e1ximo tensa\u201d, agrega un reconocido jefe comunal sobre la situaci\u00f3n entre los referentes K.<\/p>\n\n\n\n<p>\u201cEst\u00e1n hablando bien. Tengo referencias de que est\u00e1n en contacto normalmente, como siempre lo han hecho. El \u00fanico cambio que veo es que Cristina est\u00e1 mucho m\u00e1s activa\u201d, asevera otro intendente peronista que niega el conflicto.<\/p>\n","protected":false},"excerpt":{"rendered":"<p>Tras la reaparici\u00f3n de la expresidenta en Quilmes, hubo un encuentro personal entre M\u00e1ximo Kirchner y el gobernador bonaerense, donde afirman que CFK intent\u00f3 bajarle el tono la discusi\u00f3n para evitar una fatal ruptura. Luego de\u00a0apuntar\u00a0contra el presidente\u00a0Javier\u00a0Milei\u00a0en un encendido discurso junto a la intendenta\u00a0Mayra Mendoza\u00a0en Quilmes,\u00a0Cristina Kirchner\u00a0qued\u00f3 en una posici\u00f3n incierta frente a la [&hellip;]<\/p>\n","protected":false},"author":2,"featured_media":4086,"comment_status":"open","ping_status":"open","sticky":false,"template":"","format":"standard","meta":{"footnotes":""},"categories":[20],"tags":[],"_links":{"self":[{"href":"https:\/\/enlamira.info\/index.php\/wp-json\/wp\/v2\/posts\/4084"}],"collection":[{"href":"https:\/\/enlamira.info\/index.php\/wp-json\/wp\/v2\/posts"}],"about":[{"href":"https:\/\/enlamira.info\/index.php\/wp-json\/wp\/v2\/types\/post"}],"author":[{"embeddable":true,"href":"https:\/\/enlamira.info\/index.php\/wp-json\/wp\/v2\/users\/2"}],"replies":[{"embeddable":true,"href":"https:\/\/enlamira.info\/index.php\/wp-json\/wp\/v2\/comments?post=4084"}],"version-history":[{"count":1,"href":"https:\/\/enlamira.info\/index.php\/wp-json\/wp\/v2\/posts\/4084\/revisions"}],"predecessor-version":[{"id":4085,"href":"https:\/\/enlamira.info\/index.php\/wp-json\/wp\/v2\/posts\/4084\/revisions\/4085"}],"wp:featuredmedia":[{"embeddable":true,"href":"https:\/\/enlamira.info\/index.php\/wp-json\/wp\/v2\/media\/4086"}],"wp:attachment":[{"href":"https:\/\/enlamira.info\/index.php\/wp-json\/wp\/v2\/media?parent=4084"}],"wp:term":[{"taxonomy":"category","embeddable":true,"href":"https:\/\/enlamira.info\/index.php\/wp-json\/wp\/v2\/categories?post=4084"},{"taxonomy":"post_tag","embeddable":true,"href":"https:\/\/enlamira.info\/index.php\/wp-json\/wp\/v2\/tags?post=4084"}],"curies":[{"name":"wp","href":"https:\/\/api.w.org\/{rel}","templated":true}]}}