{"id":4076,"date":"2024-04-28T22:40:25","date_gmt":"2024-04-29T01:40:25","guid":{"rendered":"https:\/\/enlamira.info\/?p=4076"},"modified":"2024-04-28T22:57:56","modified_gmt":"2024-04-29T01:57:56","slug":"el-reclamo-del-secretario-energia-a-cristina-kirchner-no-confunda-a-la-gente","status":"publish","type":"post","link":"https:\/\/enlamira.info\/index.php\/2024\/04\/28\/el-reclamo-del-secretario-energia-a-cristina-kirchner-no-confunda-a-la-gente\/","title":{"rendered":"El reclamo del secretario Energ\u00eda a Cristina Kirchner: \u201cNo confunda a la gente\u201d"},"content":{"rendered":"\n<p>El funcionario castig\u00f3 a la expresidenta por sus cr\u00edticas en el encendido discurso que brind\u00f3 el s\u00e1bado en Quilmes y analiz\u00f3 la responsabilidad del kirchnerismo en el desfinanciamiento del sistema el\u00e9ctrico.<\/p>\n\n\n\n<p>La expresidenta\u00a0Cristina\u00a0Kirchner\u00a0carg\u00f3 este s\u00e1bado de un acto pol\u00edtico en el marco de la\u00a0inauguraci\u00f3n\u00a0del microestadio \u201cPresidente N\u00e9stor Kirchner\u201d en Quilmes, junto a la intendenta de La C\u00e1mpora,\u00a0Mayra Mendoza, contra el presidente\u00a0Javier Milei\u00a0y el anuncio del super\u00e1vit alcanzado en el primer trimestre de 2024.<\/p>\n\n\n\n<p>Al respecto, la exvicepresidenta manifest\u00f3: \u201cEscuch\u00e9 congratularse (al Presidente) por el super\u00e1vit p\u00fablico y resulta que\u00a0no pagaste lo que deb\u00e9s de\u00a0energ\u00eda, no le pagaste lo que deb\u00e9s a las provincias, lo que le deb\u00e9s a las universidades. No hermano, no ten\u00e9s super\u00e1vit\u201d.<\/p>\n\n\n\n<p>Ante el discurso de CFK, el secretario de Energ\u00eda,\u00a0Eduardo Rodr\u00edguez Chirillo\u00a0demoli\u00f3 la \u201cclase magistral\u201d que la dos veces presidente y una vez vicepresidente pronunci\u00f3 y exclam\u00f3:<\/p>\n\n\n\n<p>\u201cLo \u00fanico correcto que dijo CFK es que el sector energ\u00e9tico es complejo\u201d, escribi\u00f3 el secretario de Energ\u00eda en un hilo por la red social X que fue reposteado por el presidente Javier Milei.<\/p>\n\n\n\n<p>Seg\u00fan la expresidenta, el problema comenz\u00f3 en 1992, cuando el gobierno de Menem dolariz\u00f3 las tarifas y adopt\u00f3 el \u201cmodelo ingl\u00e9s\u201d para regular el sector energ\u00e9tico, dividi\u00e9ndolo en tres segmentos: generaci\u00f3n, transporte y distribuci\u00f3n. \u201cCuando se cae la convertibilidad se pesifica el precio del transporte y la distribuci\u00f3n, pero la generaci\u00f3n sigue estando en d\u00f3lares\u201d, sigui\u00f3 Cristina, que defini\u00f3 ese legado como \u201cuno de los grandes quilombos que tenemos hoy en la Rep\u00fablica Argentina\u201d.<\/p>\n\n\n\n<p>Para subrayar \u201chasta qu\u00e9 punto es ineficiente\u201d el sistema la hasta hace 4 meses vicepresidente dijo que el megavatio de electricidad \u201cle sale al consumidor neuquino m\u00e1s caro que el megavatio ac\u00e1, cuando Neuqu\u00e9n es la gran productora de energ\u00eda el\u00e9ctrica con gas y con las h\u00eddricas, con las represas\u201d.<\/p>\n\n\n\n<p><strong>Chirillo<\/strong>&nbsp;fue muy severo con el comentario lanzado por la exmandataria. \u201cHago algunas aclaraciones -escribi\u00f3- para que no confunda a la gente. No podemos permitir que los responsables de dejar al sistema el\u00e9ctrico desfinanciado, desinvertido y al borde del colapso hablen tan livianamente\u2026\u201d<\/p>\n\n\n\n<p>El funcionario remarc\u00f3 que se necesita un sistema eficiente para bajar costos y agreg\u00f3 que en los \u201890 lo fue, \u201chasta el 2001, dado que el precio del mercado mayorista se redujo de 43 d\u00f3lares a 25 d\u00f3lares el Mw\/hora\u201d. En cambio, subray\u00f3, \u201cen 2024, recibimos un precio distorsionado y elevado, porque entregaron el sistema con costo aproximado de 85 d\u00f3lares el Mw\/h\u201d.<\/p>\n\n\n\n<p>Eso se debi\u00f3, aclar\u00f3 el funcionario, a que el kirchnerismo dio \u201csubsidios indiscriminados y generalizados, gastando m\u00e1s de 100.000 millones de d\u00f3lares para que la gente no pague el costo del servicio\u201d. Adem\u00e1s, subray\u00f3, \u201cmezclaron los conceptos de formaci\u00f3n de precio\/tarifa y subsidio, esto gener\u00f3 confusi\u00f3n conceptual en la gente\u201d.<\/p>\n","protected":false},"excerpt":{"rendered":"<p>El funcionario castig\u00f3 a la expresidenta por sus cr\u00edticas en el encendido discurso que brind\u00f3 el s\u00e1bado en Quilmes y analiz\u00f3 la responsabilidad del kirchnerismo en el desfinanciamiento del sistema el\u00e9ctrico. La expresidenta\u00a0Cristina\u00a0Kirchner\u00a0carg\u00f3 este s\u00e1bado de un acto pol\u00edtico en el marco de la\u00a0inauguraci\u00f3n\u00a0del microestadio \u201cPresidente N\u00e9stor Kirchner\u201d en Quilmes, junto a la intendenta de [&hellip;]<\/p>\n","protected":false},"author":2,"featured_media":4078,"comment_status":"open","ping_status":"open","sticky":false,"template":"","format":"standard","meta":{"footnotes":""},"categories":[20],"tags":[],"_links":{"self":[{"href":"https:\/\/enlamira.info\/index.php\/wp-json\/wp\/v2\/posts\/4076"}],"collection":[{"href":"https:\/\/enlamira.info\/index.php\/wp-json\/wp\/v2\/posts"}],"about":[{"href":"https:\/\/enlamira.info\/index.php\/wp-json\/wp\/v2\/types\/post"}],"author":[{"embeddable":true,"href":"https:\/\/enlamira.info\/index.php\/wp-json\/wp\/v2\/users\/2"}],"replies":[{"embeddable":true,"href":"https:\/\/enlamira.info\/index.php\/wp-json\/wp\/v2\/comments?post=4076"}],"version-history":[{"count":2,"href":"https:\/\/enlamira.info\/index.php\/wp-json\/wp\/v2\/posts\/4076\/revisions"}],"predecessor-version":[{"id":4079,"href":"https:\/\/enlamira.info\/index.php\/wp-json\/wp\/v2\/posts\/4076\/revisions\/4079"}],"wp:featuredmedia":[{"embeddable":true,"href":"https:\/\/enlamira.info\/index.php\/wp-json\/wp\/v2\/media\/4078"}],"wp:attachment":[{"href":"https:\/\/enlamira.info\/index.php\/wp-json\/wp\/v2\/media?parent=4076"}],"wp:term":[{"taxonomy":"category","embeddable":true,"href":"https:\/\/enlamira.info\/index.php\/wp-json\/wp\/v2\/categories?post=4076"},{"taxonomy":"post_tag","embeddable":true,"href":"https:\/\/enlamira.info\/index.php\/wp-json\/wp\/v2\/tags?post=4076"}],"curies":[{"name":"wp","href":"https:\/\/api.w.org\/{rel}","templated":true}]}}