{"id":4070,"date":"2024-04-28T22:36:55","date_gmt":"2024-04-29T01:36:55","guid":{"rendered":"https:\/\/enlamira.info\/?p=4070"},"modified":"2024-04-28T23:03:13","modified_gmt":"2024-04-29T02:03:13","slug":"la-critica-de-cristina-kirchner-al-gobierno-en-la-previa-al-debate-de-la-ley-omnibus","status":"publish","type":"post","link":"https:\/\/enlamira.info\/index.php\/2024\/04\/28\/la-critica-de-cristina-kirchner-al-gobierno-en-la-previa-al-debate-de-la-ley-omnibus\/","title":{"rendered":"La cr\u00edtica de Cristina Kirchner al Gobierno en la previa al debate de la Ley \u00d3mnibus"},"content":{"rendered":"\n<p>Luego de cuestionar a Javier Milei en un acto en Quilmes, la expresidenta lanz\u00f3 un nuevo mensaje contra el Ejecutivo, horas antes de la que ser\u00e1 una sesi\u00f3n clave en Diputados. Esta vez, se refiri\u00f3 al cap\u00edtulo dedicado a la energ\u00eda y la formaci\u00f3n de los precios de las tarifas de luz.<\/p>\n\n\n\n<p>Cristina\u00a0Kirchner\u00a0public\u00f3 un nuevo mensaje en sus redes sobre el tratamiento de la\u00a0Ley\u00a0\u00d3mnibus,\u00a0horas despu\u00e9s de su discurso en\u00a0Quilmes, donde la exjefa de Estado cuestion\u00f3 al presidente\u00a0Javier\u00a0Milei.<\/p>\n\n\n\n<p>En su reciente publicaci\u00f3n en X, la exmandataria cuestion\u00f3 una disposici\u00f3n que permite modificar contratos de obra p\u00fablica y otra que proh\u00edbe revisar los de generaci\u00f3n de energ\u00eda.<\/p>\n\n\n\n<p>\u201cO sea\u2026 faculta al presidente a dejar sin efecto 2308 obras p\u00fablicas paralizadas en todo el pa\u00eds, de las cuales 119 son universidades nacionales, pero le proh\u00edbe revisar los contratos dolarizados de generaci\u00f3n de energ\u00eda renovable, t\u00e9rmica e h\u00eddrica, causa principal del aumento astron\u00f3mico en las tarifas el\u00e9ctricas, como demostramos ayer en nuestra charla en Quilmes\u201d, se\u00f1al\u00f3 CFK<\/p>\n\n\n\n<p>Y apunt\u00f3: \u201cNo es una buena decisi\u00f3n atarle las manos al presidente en una cuesti\u00f3n tan delicada y que impacta tan negativamente en todas las actividades de la vida cotidiana: industriales, comerciales, clubes de barrio, universidades, y sobre todo en los bolsillos exhaustos de los argentinos\u201d.<\/p>\n\n\n\n<p>\u201cAdem\u00e1s de no ser una buena decisi\u00f3n, resulta incoherente con la declaraci\u00f3n de emergencia en materia de energ\u00eda establecida en el art\u00edculo primero de la referida ley. \u00bfO la declaraci\u00f3n de emergencia solo va a ser para justificar el tarifazo?\u201d, advirti\u00f3.<\/p>\n","protected":false},"excerpt":{"rendered":"<p>Luego de cuestionar a Javier Milei en un acto en Quilmes, la expresidenta lanz\u00f3 un nuevo mensaje contra el Ejecutivo, horas antes de la que ser\u00e1 una sesi\u00f3n clave en Diputados. Esta vez, se refiri\u00f3 al cap\u00edtulo dedicado a la energ\u00eda y la formaci\u00f3n de los precios de las tarifas de luz. Cristina\u00a0Kirchner\u00a0public\u00f3 un nuevo [&hellip;]<\/p>\n","protected":false},"author":2,"featured_media":4072,"comment_status":"open","ping_status":"open","sticky":false,"template":"","format":"standard","meta":{"footnotes":""},"categories":[20],"tags":[],"_links":{"self":[{"href":"https:\/\/enlamira.info\/index.php\/wp-json\/wp\/v2\/posts\/4070"}],"collection":[{"href":"https:\/\/enlamira.info\/index.php\/wp-json\/wp\/v2\/posts"}],"about":[{"href":"https:\/\/enlamira.info\/index.php\/wp-json\/wp\/v2\/types\/post"}],"author":[{"embeddable":true,"href":"https:\/\/enlamira.info\/index.php\/wp-json\/wp\/v2\/users\/2"}],"replies":[{"embeddable":true,"href":"https:\/\/enlamira.info\/index.php\/wp-json\/wp\/v2\/comments?post=4070"}],"version-history":[{"count":1,"href":"https:\/\/enlamira.info\/index.php\/wp-json\/wp\/v2\/posts\/4070\/revisions"}],"predecessor-version":[{"id":4071,"href":"https:\/\/enlamira.info\/index.php\/wp-json\/wp\/v2\/posts\/4070\/revisions\/4071"}],"wp:featuredmedia":[{"embeddable":true,"href":"https:\/\/enlamira.info\/index.php\/wp-json\/wp\/v2\/media\/4072"}],"wp:attachment":[{"href":"https:\/\/enlamira.info\/index.php\/wp-json\/wp\/v2\/media?parent=4070"}],"wp:term":[{"taxonomy":"category","embeddable":true,"href":"https:\/\/enlamira.info\/index.php\/wp-json\/wp\/v2\/categories?post=4070"},{"taxonomy":"post_tag","embeddable":true,"href":"https:\/\/enlamira.info\/index.php\/wp-json\/wp\/v2\/tags?post=4070"}],"curies":[{"name":"wp","href":"https:\/\/api.w.org\/{rel}","templated":true}]}}