{"id":4068,"date":"2024-04-28T22:36:15","date_gmt":"2024-04-29T01:36:15","guid":{"rendered":"https:\/\/enlamira.info\/?p=4068"},"modified":"2024-04-28T23:04:48","modified_gmt":"2024-04-29T02:04:48","slug":"el-bloque-de-pichetto-se-diferencia-del-kirchnerismo-e-insistira-con-dividir-el-dnu-para-convertirlo-en-ley","status":"publish","type":"post","link":"https:\/\/enlamira.info\/index.php\/2024\/04\/28\/el-bloque-de-pichetto-se-diferencia-del-kirchnerismo-e-insistira-con-dividir-el-dnu-para-convertirlo-en-ley\/","title":{"rendered":"El bloque de Pichetto se diferencia del kirchnerismo e insistir\u00e1 con dividir el DNU para convertirlo en ley"},"content":{"rendered":"\n<p>Desde Uni\u00f3n por la Patria solicitaron una sesi\u00f3n para el martes 30 de abril para debatir la ley bases aprovechando que estar\u00e1n presentes en el reciento la totalidad de los diputados. Pero, la ofensiva hacia el Gobierno no ser\u00e1 f\u00e1cil.<\/p>\n\n\n\n<p>El Gobierno de\u00a0Javier\u00a0Milei\u00a0buscar\u00e1 por segunda vez lograr la media sanci\u00f3n a los proyectos de\u00a0Ley\u00a0Bases, reforma laboral y fiscal, en una semana que ser\u00e1 decisiva en t\u00e9rminos de construcci\u00f3n de poder.<\/p>\n\n\n\n<p>El ala kirchnerista del Congreso, que est\u00e1 en manos de&nbsp;Uni\u00f3n por la Patria, buscar\u00e1 destruir el sue\u00f1o de&nbsp;Milei&nbsp;de concretar el mega&nbsp;Decreto de Necesidad y Urgencia 70\/2023.<\/p>\n\n\n\n<p>Los proyectos de&nbsp;ley&nbsp;comenzar\u00e1n a ser debatidos el lunes 29 de abril a las 11 de la ma\u00f1ana y se espera un extenso debate. En ese contexto, y a sabiendas de que van a estar los 257 diputados presentes, el bloque K pidi\u00f3 una sesi\u00f3n especial para el pr\u00f3ximo martes 30 de abril a las 11 para rechazar el DNU que envi\u00f3 Javier Milei a fines del 2023, con el que busca desregular la econom\u00eda.<\/p>\n\n\n\n<p>La&nbsp;ley \u00f3mnibus&nbsp;ya recibi\u00f3 el rechazo en la&nbsp;C\u00e1mara de Senadores, por lo que, si consigue el rechazo de&nbsp;Diputados&nbsp;no s\u00f3lo que caer\u00e1 su fuerza de ley, sino que ser\u00e1 el primero que se rechaza desde que se cre\u00f3 el sistema, lo que podr\u00eda a ser un duro golpe para la gesti\u00f3n libertaria.<\/p>\n\n\n\n<p>La mayor\u00eda de los bloques ven poco probable que la sesi\u00f3n que comenzar\u00e1 el lunes culmine antes de las 11 de la ma\u00f1ana del martes y, como no es una ampliaci\u00f3n del temario sino una sesi\u00f3n especial, deber\u00eda culminar la primera para darle paso a la segunda. Adem\u00e1s, en ese contexto, habr\u00eda que volver a reunir los 129 diputados que aseguren el qu\u00f3rum.<\/p>\n\n\n\n<p>Por ahora solo suman algunos diputados de los bloques provinciales -cuyos senadores ya votaron en contra-, la posibilidad de que los representantes de la Coalici\u00f3n C\u00edvica den su rechazo y sue\u00f1an con, como m\u00e1ximo, 16 votos radicales que p\u00fablicamente negaron su visto bueno al DNU. Sin embargo, resulta dif\u00edcil que esta negativa se traduzca en votos.<\/p>\n\n\n\n<p>En paralelo a esto, los bloques de la oposici\u00f3n dialoguista buscan avanzar por otro camino y preparan proyectos de ley que vayan abarcando los temas del&nbsp;DNU. \u201cNosotros estamos trabajando en proyectos de ley para, en el tiempo, eliminar el decreto\u201d, se\u00f1al\u00f3 una fuente del bloque Hacemos Coalici\u00f3n Federal.<\/p>\n\n\n\n<p>La intenci\u00f3n del bloque que conduce&nbsp;Miguel \u00c1ngel Pichetto&nbsp;es la de, una vez concluido el tr\u00e1mite de la Ley \u00d3mnibus, comenzar en la presentaci\u00f3n con proyectos de leyes que vayan abarcando cada uno de los cap\u00edtulos que contiene el mega DNU.<\/p>\n\n\n\n<p>Algo similar van a hacer con los presupuestos universitario. El bloque no baj\u00f3 a la sesi\u00f3n que llam\u00f3 UP, pero el pr\u00f3ximo lunes va a pedir un emplazamiento para que en 30 d\u00edas el oficialismo mande un plan de mayor recaudaci\u00f3n de los reg\u00edmenes especiales. Otros que est\u00e1n trabajando en la misma l\u00ednea son los miembros del bloque PRO.<\/p>\n","protected":false},"excerpt":{"rendered":"<p>Desde Uni\u00f3n por la Patria solicitaron una sesi\u00f3n para el martes 30 de abril para debatir la ley bases aprovechando que estar\u00e1n presentes en el reciento la totalidad de los diputados. Pero, la ofensiva hacia el Gobierno no ser\u00e1 f\u00e1cil. El Gobierno de\u00a0Javier\u00a0Milei\u00a0buscar\u00e1 por segunda vez lograr la media sanci\u00f3n a los proyectos de\u00a0Ley\u00a0Bases, reforma [&hellip;]<\/p>\n","protected":false},"author":2,"featured_media":4092,"comment_status":"open","ping_status":"open","sticky":false,"template":"","format":"standard","meta":{"footnotes":""},"categories":[1],"tags":[],"_links":{"self":[{"href":"https:\/\/enlamira.info\/index.php\/wp-json\/wp\/v2\/posts\/4068"}],"collection":[{"href":"https:\/\/enlamira.info\/index.php\/wp-json\/wp\/v2\/posts"}],"about":[{"href":"https:\/\/enlamira.info\/index.php\/wp-json\/wp\/v2\/types\/post"}],"author":[{"embeddable":true,"href":"https:\/\/enlamira.info\/index.php\/wp-json\/wp\/v2\/users\/2"}],"replies":[{"embeddable":true,"href":"https:\/\/enlamira.info\/index.php\/wp-json\/wp\/v2\/comments?post=4068"}],"version-history":[{"count":2,"href":"https:\/\/enlamira.info\/index.php\/wp-json\/wp\/v2\/posts\/4068\/revisions"}],"predecessor-version":[{"id":4091,"href":"https:\/\/enlamira.info\/index.php\/wp-json\/wp\/v2\/posts\/4068\/revisions\/4091"}],"wp:featuredmedia":[{"embeddable":true,"href":"https:\/\/enlamira.info\/index.php\/wp-json\/wp\/v2\/media\/4092"}],"wp:attachment":[{"href":"https:\/\/enlamira.info\/index.php\/wp-json\/wp\/v2\/media?parent=4068"}],"wp:term":[{"taxonomy":"category","embeddable":true,"href":"https:\/\/enlamira.info\/index.php\/wp-json\/wp\/v2\/categories?post=4068"},{"taxonomy":"post_tag","embeddable":true,"href":"https:\/\/enlamira.info\/index.php\/wp-json\/wp\/v2\/tags?post=4068"}],"curies":[{"name":"wp","href":"https:\/\/api.w.org\/{rel}","templated":true}]}}