{"id":4041,"date":"2024-04-27T15:15:55","date_gmt":"2024-04-27T18:15:55","guid":{"rendered":"https:\/\/enlamira.info\/?p=4041"},"modified":"2024-04-27T15:19:33","modified_gmt":"2024-04-27T18:19:33","slug":"cristina-kirchner-reaparecera-en-publico-aseguran-que-esta-molesta-con-kicillof-y-cargara-contra-milei","status":"publish","type":"post","link":"https:\/\/enlamira.info\/index.php\/2024\/04\/27\/cristina-kirchner-reaparecera-en-publico-aseguran-que-esta-molesta-con-kicillof-y-cargara-contra-milei\/","title":{"rendered":"Cristina Kirchner reaparecer\u00e1 en p\u00fablico: aseguran que est\u00e1 \u201cmolesta\u201d con Kicillof y cargar\u00e1 contra Milei"},"content":{"rendered":"\n<p>La expresidenta hablar\u00e1 este s\u00e1bado en la inauguraci\u00f3n del microestadio \u201cPresidente N\u00e9stor Kirchner\u201d junto a la intendenta Mayra Mendoza.<\/p>\n\n\n\n<p>Desde la municipalidad de\u00a0Quilmes\u00a0aseguran que le giraron invitaci\u00f3n a todos y cada uno de los dirigentes del peronismo para que este s\u00e1bado se hagan presente. Por otro lado, afirman que la ex jefa de Estado est\u00e1 enojada. \u201cEst\u00e1 muy molesta con la interna\u201d, sueltan en su entorno. La exVice intenta bajar tensiones entre aquellos peronistas que quieren bajar de un hondazo a M\u00e1ximo Kirchner del PJ bonaernese y los que trabajan para que Axel Kicillof sea el pr\u00f3ximo presidente de la Naci\u00f3n. Es tal ese enojo que quienes la frecuentan sostienen que ya se encarg\u00f3 de hablar personalmente con cada uno de los protagonistas de este cap\u00edtulo de tensiones en la oposici\u00f3n. \u201cNo es el momento para andar en esa discusi\u00f3n chiquita de la pol\u00edtica con un Milei que destruye el pa\u00eds\u201d, se quejan.<\/p>\n\n\n\n<p>Si bien es pr\u00e1cticamente imposible poder adelantar el contenido de los discursos de Cristina Kirchner, dos fuentes de confianza de la Vice aseguran que no har\u00e1 menci\u00f3n de manera p\u00fablica a la interna.<\/p>\n\n\n\n<p>\u201cJam\u00e1s va a decir algo p\u00fablicamente sobre la interna, ella conduce el conjunto, es la \u00fanica que sintetiza y ordena el general. Hay un quilombo de novela, pero la cuesti\u00f3n se discute internamente\u201d, le dice una dirigente que suele conversar telef\u00f3nicamente con Cristina Kirchner. \u201cTambi\u00e9n el electorado peronista necesita un abrazo de su l\u00edder, es el momento\u201d, agrega.<\/p>\n","protected":false},"excerpt":{"rendered":"<p>La expresidenta hablar\u00e1 este s\u00e1bado en la inauguraci\u00f3n del microestadio \u201cPresidente N\u00e9stor Kirchner\u201d junto a la intendenta Mayra Mendoza. Desde la municipalidad de\u00a0Quilmes\u00a0aseguran que le giraron invitaci\u00f3n a todos y cada uno de los dirigentes del peronismo para que este s\u00e1bado se hagan presente. Por otro lado, afirman que la ex jefa de Estado est\u00e1 [&hellip;]<\/p>\n","protected":false},"author":2,"featured_media":4043,"comment_status":"open","ping_status":"open","sticky":false,"template":"","format":"standard","meta":{"footnotes":""},"categories":[20],"tags":[],"_links":{"self":[{"href":"https:\/\/enlamira.info\/index.php\/wp-json\/wp\/v2\/posts\/4041"}],"collection":[{"href":"https:\/\/enlamira.info\/index.php\/wp-json\/wp\/v2\/posts"}],"about":[{"href":"https:\/\/enlamira.info\/index.php\/wp-json\/wp\/v2\/types\/post"}],"author":[{"embeddable":true,"href":"https:\/\/enlamira.info\/index.php\/wp-json\/wp\/v2\/users\/2"}],"replies":[{"embeddable":true,"href":"https:\/\/enlamira.info\/index.php\/wp-json\/wp\/v2\/comments?post=4041"}],"version-history":[{"count":1,"href":"https:\/\/enlamira.info\/index.php\/wp-json\/wp\/v2\/posts\/4041\/revisions"}],"predecessor-version":[{"id":4042,"href":"https:\/\/enlamira.info\/index.php\/wp-json\/wp\/v2\/posts\/4041\/revisions\/4042"}],"wp:featuredmedia":[{"embeddable":true,"href":"https:\/\/enlamira.info\/index.php\/wp-json\/wp\/v2\/media\/4043"}],"wp:attachment":[{"href":"https:\/\/enlamira.info\/index.php\/wp-json\/wp\/v2\/media?parent=4041"}],"wp:term":[{"taxonomy":"category","embeddable":true,"href":"https:\/\/enlamira.info\/index.php\/wp-json\/wp\/v2\/categories?post=4041"},{"taxonomy":"post_tag","embeddable":true,"href":"https:\/\/enlamira.info\/index.php\/wp-json\/wp\/v2\/tags?post=4041"}],"curies":[{"name":"wp","href":"https:\/\/api.w.org\/{rel}","templated":true}]}}