{"id":4039,"date":"2024-04-27T15:15:11","date_gmt":"2024-04-27T18:15:11","guid":{"rendered":"https:\/\/enlamira.info\/?p=4039"},"modified":"2024-04-27T15:20:02","modified_gmt":"2024-04-27T18:20:02","slug":"milei-busca-revertir-un-dictamen-k-para-auditar-a-las-universidades-publicas","status":"publish","type":"post","link":"https:\/\/enlamira.info\/index.php\/2024\/04\/27\/milei-busca-revertir-un-dictamen-k-para-auditar-a-las-universidades-publicas\/","title":{"rendered":"Milei busca revertir un dictamen K para auditar a las universidades p\u00fablicas"},"content":{"rendered":"\n<p>El Ejecutivo insiste en que la Sindicatura General de la Naci\u00f3n, que es el organismo que supervisa las cuentas del Ejecutivo, sea parte de la revisi\u00f3n integral de las facultades junto a la Auditor\u00eda General de la Naci\u00f3n, pero una reglamentaci\u00f3n no se lo permite.<\/p>\n\n\n\n<p>El Gobierno de\u00a0Javier\u00a0Milei\u00a0analiza revertir un dictamen de la\u00a0gesti\u00f3n\u00a0de\u00a0Alberto Fern\u00e1ndez\u00a0para que la\u00a0Sindicatura General de la Naci\u00f3n (SIGEN)\u00a0pueda auditar las universidades p\u00fablicas.<\/p>\n\n\n\n<p>As\u00ed, desde el entorno del Presidente quieren que el organismo que depende de\u00a0Miguel Blanco\u00a0tenga el poder de revisar a las entidades educativas a nivel financiero, operativo y de gesti\u00f3n junto con la Auditor\u00eda General de la Naci\u00f3n (AGN).<\/p>\n\n\n\n<p>El dictamen del 28 de noviembre del 2022, impulsado por el extitular de la Procuraci\u00f3n del Tesoro de la Naci\u00f3n\u00a0Carlos Zannini, que corre por el expediente IF-2022-128362119-APN-PTN, establece que las funciones de la SIGEN no resultan \u201caplicables a las universidades nacionales \u201c.<\/p>\n\n\n\n<p>Es la v\u00eda t\u00e9cnica que la Casa Rosada quiere establecer para poder incluir en la auditor\u00eda de las universidades p\u00fablicas a un organismo distinto a la AGN, pero todav\u00eda no inform\u00f3 al Procurador del Tesoro de la Naci\u00f3n,\u00a0Rodolfo Barra.<\/p>\n\n\n\n<p>En los pasillos de la Casa Rosada mantienen que la marcha universitaria fue \u201cla m\u00e1s fuerte hasta el momento\u201d y destacaron que los j\u00f3venes \u201cno ensuciaron la plaza ni hicieron quilombo\u201d. Los cercanos al primer mandatario sostienen que van a intentar de que \u201cle vuelva peor\u201d a sus impulsores mediante la revisi\u00f3n de cuentas y del personal.<\/p>\n\n\n\n<p>Por otro lado, en medio del conflicto que mantiene el Ejecutivo nacional con las\u00a0universidades\u00a0y tras la renuncia de dos de los principales\u00a0funcionarios\u00a0de la cartera de Capital Humano, la Casa Rosada sali\u00f3 a respaldar a la ministra\u00a0Sandra\u00a0Pettovello.<\/p>\n\n\n\n<p>\u201cEl presidente\u00a0Milei\u00a0destaca permanentemente el trabajo de\u00a0Pettovello\u00a0en todas las \u00e1reas. Tanto en cuestiones sociales como de Educaci\u00f3n\u201d, aclar\u00f3, este jueves, el portavoz del Presidente,\u00a0Manuel Adorni.<\/p>\n\n\n\n<p>Adorni\u00a0coment\u00f3 que \u201cno hay nada que achacarle a nadie y menos a la ministra\u00a0Pettovello\u00a0que hace un trabajo impresionante\u201d, en referencia a los reclamos que hizo el sector universitario por el recorte en el presupuesto. En ese sentido, explic\u00f3: \u201cEl tema presupuestario de transferencias ya estaba acordado y transferido\u201d.<\/p>\n","protected":false},"excerpt":{"rendered":"<p>El Ejecutivo insiste en que la Sindicatura General de la Naci\u00f3n, que es el organismo que supervisa las cuentas del Ejecutivo, sea parte de la revisi\u00f3n integral de las facultades junto a la Auditor\u00eda General de la Naci\u00f3n, pero una reglamentaci\u00f3n no se lo permite. El Gobierno de\u00a0Javier\u00a0Milei\u00a0analiza revertir un dictamen de la\u00a0gesti\u00f3n\u00a0de\u00a0Alberto Fern\u00e1ndez\u00a0para que [&hellip;]<\/p>\n","protected":false},"author":2,"featured_media":0,"comment_status":"open","ping_status":"open","sticky":false,"template":"","format":"standard","meta":{"footnotes":""},"categories":[20],"tags":[],"_links":{"self":[{"href":"https:\/\/enlamira.info\/index.php\/wp-json\/wp\/v2\/posts\/4039"}],"collection":[{"href":"https:\/\/enlamira.info\/index.php\/wp-json\/wp\/v2\/posts"}],"about":[{"href":"https:\/\/enlamira.info\/index.php\/wp-json\/wp\/v2\/types\/post"}],"author":[{"embeddable":true,"href":"https:\/\/enlamira.info\/index.php\/wp-json\/wp\/v2\/users\/2"}],"replies":[{"embeddable":true,"href":"https:\/\/enlamira.info\/index.php\/wp-json\/wp\/v2\/comments?post=4039"}],"version-history":[{"count":1,"href":"https:\/\/enlamira.info\/index.php\/wp-json\/wp\/v2\/posts\/4039\/revisions"}],"predecessor-version":[{"id":4040,"href":"https:\/\/enlamira.info\/index.php\/wp-json\/wp\/v2\/posts\/4039\/revisions\/4040"}],"wp:attachment":[{"href":"https:\/\/enlamira.info\/index.php\/wp-json\/wp\/v2\/media?parent=4039"}],"wp:term":[{"taxonomy":"category","embeddable":true,"href":"https:\/\/enlamira.info\/index.php\/wp-json\/wp\/v2\/categories?post=4039"},{"taxonomy":"post_tag","embeddable":true,"href":"https:\/\/enlamira.info\/index.php\/wp-json\/wp\/v2\/tags?post=4039"}],"curies":[{"name":"wp","href":"https:\/\/api.w.org\/{rel}","templated":true}]}}