{"id":4036,"date":"2024-04-27T15:13:54","date_gmt":"2024-04-27T18:13:54","guid":{"rendered":"https:\/\/enlamira.info\/?p=4036"},"modified":"2024-04-27T15:21:06","modified_gmt":"2024-04-27T18:21:06","slug":"jose-luis-espert-aseguro-que-aprobaran-la-ley-bases-y-califico-a-los-gremialistas-de-sindigarcas","status":"publish","type":"post","link":"https:\/\/enlamira.info\/index.php\/2024\/04\/27\/jose-luis-espert-aseguro-que-aprobaran-la-ley-bases-y-califico-a-los-gremialistas-de-sindigarcas\/","title":{"rendered":"Jos\u00e9 Luis Espert asegur\u00f3 que aprobar\u00e1n la Ley Bases y calific\u00f3 a los gremialistas de \u201csindigarcas\u201d"},"content":{"rendered":"\n<p>El diputado libertario habl\u00f3 de la reforma laboral que se tratar\u00e1 en el Congreso y critic\u00f3 duramente a los sindicalistas.<\/p>\n\n\n\n<p>Jos\u00e9 Luis\u00a0Espert\u00a0encendi\u00f3 la previa del debate de la ley\u00a0bases\u00a0que iniciar\u00e1 el oficialismo este lunes 29 de abril en el\u00a0Congreso\u00a0y el paquete fiscal, donde se tratar\u00e1 una\u00a0reforma\u00a0laboral\u00a0reducida\u00a0tras los reclamos de los diferentes l\u00edderes de la\u00a0CGT.<\/p>\n\n\n\n<p>En esa l\u00ednea, el\u00a0titular\u00a0de la comisi\u00f3n de\u00a0Presupuesto\u00a0llam\u00f3\u00a0\u201csindigarcas\u201d\u00a0a los l\u00edderes gremiales y avis\u00f3 que avanzar\u00e1n sobre el resto de las reformas del sector m\u00e1s adelante cuando tengan los votos necesarios.<\/p>\n\n\n\n<p>El diputado nacional afirm\u00f3 que el gobierno de\u00a0Javier Milei\u00a0lograr\u00e1 la aprobaci\u00f3n de la Ley Bases y el cap\u00edtulo fiscal, aunque aclar\u00f3 que lo que no fue incluido en la versi\u00f3n final de la reforma laboral es porque \u201cno estaban los votos\u201d.<\/p>\n\n\n\n<p>En di\u00e1logo con radio Mitre, el dirigente liberal precis\u00f3: \u201cPor la manera en que se ha trabajado, yo dir\u00eda que el escenario m\u00e1s probable es que terminemos aprobando en Diputados tanto la ley Bases como la reforma fiscal. Se trabaj\u00f3 art\u00edculo por art\u00edculo previo al debate en el recinto\u201d.<\/p>\n\n\n\n<p>Este s\u00e1bado, el sindicalista de Camioneros,\u00a0Pablo\u00a0Moyano\u00a0lanz\u00f3 una advertencia a los legisladores al afirmar que detr\u00e1s del apuro de los libertarios por aprobar el proyecto \u201cest\u00e1 el FMI\u201d.<\/p>\n\n\n\n<p>\u201cSi el apuro de esta ley es para mostrarle al\u00a0FMI, seguramente tendr\u00e1 una promesa de un nuevo pr\u00e9stamo de miles de millones de d\u00f3lares\u201d, coment\u00f3 el dirigente\u00a0gremial\u00a0en di\u00e1logo con Radio 10.<\/p>\n\n\n\n<p>\u201cEn caso de que se apruebe en\u00a0Diputados, haremos todo lo necesario para que se rechace nuevamente en Senadores\u201d,\u00a0insisti\u00f3.<\/p>\n","protected":false},"excerpt":{"rendered":"<p>El diputado libertario habl\u00f3 de la reforma laboral que se tratar\u00e1 en el Congreso y critic\u00f3 duramente a los sindicalistas. Jos\u00e9 Luis\u00a0Espert\u00a0encendi\u00f3 la previa del debate de la ley\u00a0bases\u00a0que iniciar\u00e1 el oficialismo este lunes 29 de abril en el\u00a0Congreso\u00a0y el paquete fiscal, donde se tratar\u00e1 una\u00a0reforma\u00a0laboral\u00a0reducida\u00a0tras los reclamos de los diferentes l\u00edderes de la\u00a0CGT. En [&hellip;]<\/p>\n","protected":false},"author":2,"featured_media":4038,"comment_status":"open","ping_status":"open","sticky":false,"template":"","format":"standard","meta":{"footnotes":""},"categories":[20],"tags":[],"_links":{"self":[{"href":"https:\/\/enlamira.info\/index.php\/wp-json\/wp\/v2\/posts\/4036"}],"collection":[{"href":"https:\/\/enlamira.info\/index.php\/wp-json\/wp\/v2\/posts"}],"about":[{"href":"https:\/\/enlamira.info\/index.php\/wp-json\/wp\/v2\/types\/post"}],"author":[{"embeddable":true,"href":"https:\/\/enlamira.info\/index.php\/wp-json\/wp\/v2\/users\/2"}],"replies":[{"embeddable":true,"href":"https:\/\/enlamira.info\/index.php\/wp-json\/wp\/v2\/comments?post=4036"}],"version-history":[{"count":1,"href":"https:\/\/enlamira.info\/index.php\/wp-json\/wp\/v2\/posts\/4036\/revisions"}],"predecessor-version":[{"id":4037,"href":"https:\/\/enlamira.info\/index.php\/wp-json\/wp\/v2\/posts\/4036\/revisions\/4037"}],"wp:featuredmedia":[{"embeddable":true,"href":"https:\/\/enlamira.info\/index.php\/wp-json\/wp\/v2\/media\/4038"}],"wp:attachment":[{"href":"https:\/\/enlamira.info\/index.php\/wp-json\/wp\/v2\/media?parent=4036"}],"wp:term":[{"taxonomy":"category","embeddable":true,"href":"https:\/\/enlamira.info\/index.php\/wp-json\/wp\/v2\/categories?post=4036"},{"taxonomy":"post_tag","embeddable":true,"href":"https:\/\/enlamira.info\/index.php\/wp-json\/wp\/v2\/tags?post=4036"}],"curies":[{"name":"wp","href":"https:\/\/api.w.org\/{rel}","templated":true}]}}