{"id":4032,"date":"2024-04-27T15:12:16","date_gmt":"2024-04-27T18:12:16","guid":{"rendered":"https:\/\/enlamira.info\/?p=4032"},"modified":"2024-04-27T15:21:56","modified_gmt":"2024-04-27T18:21:56","slug":"pablo-moyano-destrozo-la-ley-bases-y-advirtio-al-congreso-es-para-cagar-a-los-laburantes","status":"publish","type":"post","link":"https:\/\/enlamira.info\/index.php\/2024\/04\/27\/pablo-moyano-destrozo-la-ley-bases-y-advirtio-al-congreso-es-para-cagar-a-los-laburantes\/","title":{"rendered":"Pablo Moyano destroz\u00f3 la Ley Bases y advirti\u00f3 al Congreso: \u201cEs para cagar a los laburantes\u201d"},"content":{"rendered":"\n<p>El cosecretario de la CGT asegur\u00f3 que detr\u00e1s del apuro del oficialismo est\u00e1 el FMI. Adem\u00e1s, ratific\u00f3 la marcha del D\u00eda del Trabajador y el paro general para el jueves 9 de mayo.<\/p>\n\n\n\n<p>Previo al\u00a0debate\u00a0de la\u00a0Ley\u00a0Bases\u00a0que comenzar\u00e1 este lunes en el\u00a0Congreso, el sindicalista de Camioneros,\u00a0Pablo\u00a0Moyano\u00a0lanz\u00f3 una advertencia a los legisladores al afirmar que detr\u00e1s del apuro de los libertarios por aprobar el proyecto \u201cest\u00e1 el FMI\u201d.<\/p>\n\n\n\n<p>\u201cSi el apuro de esta ley es para mostrarle al\u00a0FMI, seguramente tendr\u00e1 una promesa de un nuevo pr\u00e9stamo de miles de millones de d\u00f3lares\u201d, coment\u00f3 el dirigente\u00a0gremial\u00a0en di\u00e1logo con Radio 10.<\/p>\n\n\n\n<p>\u201cEn caso de que se apruebe en\u00a0Diputados, haremos todo lo necesario para que se rechace nuevamente en Senadores\u201d,\u00a0insisti\u00f3.<\/p>\n\n\n\n<p>En este sentido, afirm\u00f3 que la marcha del D\u00eda del Trabajador ser\u00e1 en \u201cprotesta sobre estas pol\u00edticas\u201d y confirm\u00f3 el\u00a0paro general del pr\u00f3ximo 9 de mayo.<\/p>\n\n\n\n<p>En esa l\u00ednea,\u00a0Moyano\u00a0neg\u00f3 haber participado de una reuni\u00f3n con el Gobierno y sostuvo que la Confederaci\u00f3n General del Trabajo (CGT) rechaza fundamentalmente que se incluya el art\u00edculo de las indemnizaciones.<\/p>\n\n\n\n<p>\u201cYo no puedo estar apoyando que un trabajador se pague su propia indemnizaci\u00f3n\u201d, exclam\u00f3&nbsp;<strong>Moyano<\/strong>.<\/p>\n\n\n\n<p>Adem\u00e1s, sostuvo que la ley Bases \u201cva en prejuicio del empresariado nacional, de los recursos naturales, de los jubilados y de los trabajadores\u201d. Por esa raz\u00f3n, Moyano asegur\u00f3: \u201cEn caso de que se apruebe en Diputados, haremos todo lo necesario para que se rechace nuevamente en Senadores\u201d.<\/p>\n\n\n\n<p>Sobre eso, sostuvo que el Gobierno se encuentra preocupado de lo que pueda pasar en esa instancia, por lo que remarc\u00f3 la importancia de la marcha del 1 de mayo: \u201cMas all\u00e1 de recordar el D\u00eda del Trabajador, va a ser una marcha para protestar en contra estas pol\u00edticas\u201d. Y agreg\u00f3 que \u201csiempre el ajuste es sobre los trabajadores\u201d.<\/p>\n","protected":false},"excerpt":{"rendered":"<p>El cosecretario de la CGT asegur\u00f3 que detr\u00e1s del apuro del oficialismo est\u00e1 el FMI. Adem\u00e1s, ratific\u00f3 la marcha del D\u00eda del Trabajador y el paro general para el jueves 9 de mayo. Previo al\u00a0debate\u00a0de la\u00a0Ley\u00a0Bases\u00a0que comenzar\u00e1 este lunes en el\u00a0Congreso, el sindicalista de Camioneros,\u00a0Pablo\u00a0Moyano\u00a0lanz\u00f3 una advertencia a los legisladores al afirmar que detr\u00e1s del [&hellip;]<\/p>\n","protected":false},"author":2,"featured_media":4035,"comment_status":"open","ping_status":"open","sticky":false,"template":"","format":"standard","meta":{"footnotes":""},"categories":[20],"tags":[],"_links":{"self":[{"href":"https:\/\/enlamira.info\/index.php\/wp-json\/wp\/v2\/posts\/4032"}],"collection":[{"href":"https:\/\/enlamira.info\/index.php\/wp-json\/wp\/v2\/posts"}],"about":[{"href":"https:\/\/enlamira.info\/index.php\/wp-json\/wp\/v2\/types\/post"}],"author":[{"embeddable":true,"href":"https:\/\/enlamira.info\/index.php\/wp-json\/wp\/v2\/users\/2"}],"replies":[{"embeddable":true,"href":"https:\/\/enlamira.info\/index.php\/wp-json\/wp\/v2\/comments?post=4032"}],"version-history":[{"count":1,"href":"https:\/\/enlamira.info\/index.php\/wp-json\/wp\/v2\/posts\/4032\/revisions"}],"predecessor-version":[{"id":4033,"href":"https:\/\/enlamira.info\/index.php\/wp-json\/wp\/v2\/posts\/4032\/revisions\/4033"}],"wp:featuredmedia":[{"embeddable":true,"href":"https:\/\/enlamira.info\/index.php\/wp-json\/wp\/v2\/media\/4035"}],"wp:attachment":[{"href":"https:\/\/enlamira.info\/index.php\/wp-json\/wp\/v2\/media?parent=4032"}],"wp:term":[{"taxonomy":"category","embeddable":true,"href":"https:\/\/enlamira.info\/index.php\/wp-json\/wp\/v2\/categories?post=4032"},{"taxonomy":"post_tag","embeddable":true,"href":"https:\/\/enlamira.info\/index.php\/wp-json\/wp\/v2\/tags?post=4032"}],"curies":[{"name":"wp","href":"https:\/\/api.w.org\/{rel}","templated":true}]}}