{"id":4029,"date":"2024-04-27T15:09:46","date_gmt":"2024-04-27T18:09:46","guid":{"rendered":"https:\/\/enlamira.info\/?p=4029"},"modified":"2024-04-27T15:22:41","modified_gmt":"2024-04-27T18:22:41","slug":"karina-milei-apura-el-armado-electoral-de-la-libertad-avanza-a-nivel-nacional","status":"publish","type":"post","link":"https:\/\/enlamira.info\/index.php\/2024\/04\/27\/karina-milei-apura-el-armado-electoral-de-la-libertad-avanza-a-nivel-nacional\/","title":{"rendered":"Karina Milei apura el armado electoral de La Libertad Avanza a nivel nacional"},"content":{"rendered":"\n<p>La secretaria general de la Presidencia est\u00e1 enfocada en obtener el respaldo de diferentes actores pol\u00edticos para el armado de estructuras provinciales. Para comenzar, lo har\u00e1 en Santa Fe, R\u00edo Negro y Mendoza. Se espera que en julio logren reunir los cinco sellos requeridos para establecerse a nivel nacional, fortaleciendo as\u00ed su plataforma para las pr\u00f3ximas elecciones legislativas.<\/p>\n\n\n\n<p>En medio de los desaf\u00edos enfrentados por\u00a0La\u00a0Libertad\u00a0Avanza\u00a0en el Congreso y la creencia del oficialismo que piensa que cuenta con cerca de 140 votos asegurados para el apoyo de la\u00a0Ley\u00a0Bases,\u00a0Karina Milei\u00a0avanza con determinaci\u00f3n en la consolidaci\u00f3n de su partido, buscando asegurar los cinco sellos partidarios necesarios para su registro a nivel nacional.<\/p>\n\n\n\n<p>Este impulso estrat\u00e9gico es visto con atenci\u00f3n por varios actores pol\u00edticos, quienes observan con inter\u00e9s los movimientos de\u00a0Milei\u00a0y su influencia en la configuraci\u00f3n del panorama electoral.<\/p>\n\n\n\n<p>Mientras tanto, Milei ha asegurado la presencia de LLA en varias provincias, desde La Rioja hasta Salta, y est\u00e1 enfocada en obtener el respaldo legal en territorios como Santa Fe, R\u00edo Negro y Mendoza.<\/p>\n\n\n\n<p>El proceso en curso incluye enfrentamientos legales, como la apelaci\u00f3n liderada por un grupo de disidentes libertarios en C\u00f3rdoba, que podr\u00eda sentar un precedente importante para el partido. Adem\u00e1s, la expansi\u00f3n de LLA hacia nuevas regiones no est\u00e1 exenta de desaf\u00edos internos, como las diferencias de opini\u00f3n sobre posibles alianzas con otros partidos, especialmente con PRO.<\/p>\n\n\n\n<p>La secretaria general ya tiene la marca en\u00a0La Rioja, donde lidera Mart\u00edn Menem; present\u00f3 el partido en CABA con\u00a0Juan Pablo Scalese;\u00a0la semana pasada se asegur\u00f3 la estructura en Salta de la mano de Alfredo Olmedo; y la que viene avanzar\u00e1 ante la justicia electoral de Santa Fe con Romina Diez y en R\u00edo Negro con Lorena Villaverde. Mientras tanto, avanza en Tierra del Fuego y en Mendoza.<\/p>\n\n\n\n<p>La sentencia de la C\u00e1mara Nacional Electoral (CNE) en C\u00f3rdoba ser\u00e1 clave. All\u00ed, el grupo de libertarios disidentes encabezados por la diputada Celeste Ponce apel\u00f3 el uso del sello de la coalici\u00f3n para un partido conducido por el alfil de Karina Milei, Gabriel Bornoroni, el flamante jefe de bloque de los diputados nacionales libertarios que gan\u00f3 la discusi\u00f3n en la justicia local y ahora aguarda el fallo nacional.<\/p>\n","protected":false},"excerpt":{"rendered":"<p>La secretaria general de la Presidencia est\u00e1 enfocada en obtener el respaldo de diferentes actores pol\u00edticos para el armado de estructuras provinciales. Para comenzar, lo har\u00e1 en Santa Fe, R\u00edo Negro y Mendoza. Se espera que en julio logren reunir los cinco sellos requeridos para establecerse a nivel nacional, fortaleciendo as\u00ed su plataforma para las [&hellip;]<\/p>\n","protected":false},"author":2,"featured_media":4031,"comment_status":"open","ping_status":"open","sticky":false,"template":"","format":"standard","meta":{"footnotes":""},"categories":[20],"tags":[],"_links":{"self":[{"href":"https:\/\/enlamira.info\/index.php\/wp-json\/wp\/v2\/posts\/4029"}],"collection":[{"href":"https:\/\/enlamira.info\/index.php\/wp-json\/wp\/v2\/posts"}],"about":[{"href":"https:\/\/enlamira.info\/index.php\/wp-json\/wp\/v2\/types\/post"}],"author":[{"embeddable":true,"href":"https:\/\/enlamira.info\/index.php\/wp-json\/wp\/v2\/users\/2"}],"replies":[{"embeddable":true,"href":"https:\/\/enlamira.info\/index.php\/wp-json\/wp\/v2\/comments?post=4029"}],"version-history":[{"count":1,"href":"https:\/\/enlamira.info\/index.php\/wp-json\/wp\/v2\/posts\/4029\/revisions"}],"predecessor-version":[{"id":4030,"href":"https:\/\/enlamira.info\/index.php\/wp-json\/wp\/v2\/posts\/4029\/revisions\/4030"}],"wp:featuredmedia":[{"embeddable":true,"href":"https:\/\/enlamira.info\/index.php\/wp-json\/wp\/v2\/media\/4031"}],"wp:attachment":[{"href":"https:\/\/enlamira.info\/index.php\/wp-json\/wp\/v2\/media?parent=4029"}],"wp:term":[{"taxonomy":"category","embeddable":true,"href":"https:\/\/enlamira.info\/index.php\/wp-json\/wp\/v2\/categories?post=4029"},{"taxonomy":"post_tag","embeddable":true,"href":"https:\/\/enlamira.info\/index.php\/wp-json\/wp\/v2\/tags?post=4029"}],"curies":[{"name":"wp","href":"https:\/\/api.w.org\/{rel}","templated":true}]}}