{"id":400,"date":"2024-03-06T17:12:58","date_gmt":"2024-03-06T20:12:58","guid":{"rendered":"https:\/\/enlamira.info\/?p=400"},"modified":"2024-03-06T18:02:11","modified_gmt":"2024-03-06T21:02:11","slug":"sigue-el-escandalo-en-independiente-dovalo-lleva-a-la-justicia-a-tevez-y-a-marcone","status":"publish","type":"post","link":"https:\/\/enlamira.info\/index.php\/2024\/03\/06\/sigue-el-escandalo-en-independiente-dovalo-lleva-a-la-justicia-a-tevez-y-a-marcone\/","title":{"rendered":"Sigue el esc\u00e1ndalo en Independiente: D\u00f3valo lleva a la Justicia a Tevez y a Marcone"},"content":{"rendered":"\n<p>El abogado de la Asociaci\u00f3n Argentina de \u00c1rbitros (AAA) reuni\u00f3 material de las fuertes declaraciones tras el empate entre Barracas Central e Independiente: planean iniciar acciones legales contra el entrenador y el mediocampista del Rojo<\/p>\n\n\n\n<p>El esc\u00e1ndalo del empate entre\u00a0Barracas Central\u00a0e\u00a0Independiente\u00a0continuar\u00e1 en la Justicia: la Asociaci\u00f3n Argentina de \u00c1rbitros (AAA) planea iniciar acciones legales contra\u00a0Carlos Tevez\u00a0e\u00a0Iv\u00e1n Marcone\u00a0por sus fuertes declaraciones contra\u00a0Pablo D\u00f3valo,\u00a0juez principal del duelo en el Tom\u00e1s Adolfo Duc\u00f3.<\/p>\n\n\n\n<p>\u201cLo acompa\u00f1o en esta decisi\u00f3n de ir para adelante con la judicializaci\u00f3n del tema\u201d<em>,<\/em>\u00a0expres\u00f3 Federico Beligoy, secretario general, en di\u00e1logo con\u00a0<em>TyC Sports.<\/em><\/p>\n\n\n\n<p>\u201c\u00bfC\u00f3mo no voy a acompa\u00f1arlo ante un hecho similar o hechos de p\u00fablico conocimiento de las barbaridades que han dicho? Lo conozco hace 25 a\u00f1os, conozco a su familia, su vida.\u00a0Obviamente que el cuerpo de abogados ya est\u00e1 trabajando para iniciar acciones legales a quien sea, siempre y cuando sean con esos t\u00e9rminos\u201d,\u00a0expres\u00f3 Beligoy.<\/p>\n\n\n\n<p>El abogado del gremio se comunic\u00f3 con el \u00e1rbitro del partido y le inform\u00f3 que iba a reunir\u00a0todo el material de lo que dijeron el t\u00e9cnico y los futbolistas del Rojo\u00a0(en especial del capit\u00e1n Marcone), y que podr\u00eda demandarlos.<\/p>\n\n\n\n<p>Por \u00faltimo, Beligoy hizo una llamativa comparaci\u00f3n.\u00a0\u201c\u00bfA vos te parece que podemos pensar mal del penal de 2011 cuando Carlitos err\u00f3 el penal y Argentina qued\u00f3 afuera de la Copa Am\u00e9rica? \u00bfPodemos pensar mal?\u00a0Imaginate si, previo a ese partido, hubiesen generado una cuesti\u00f3n sobre qui\u00e9n patea el penal y que lo err\u00f3, y todos salimos a decir que es un delincuente\u201d.<\/p>\n","protected":false},"excerpt":{"rendered":"<p>El abogado de la Asociaci\u00f3n Argentina de \u00c1rbitros (AAA) reuni\u00f3 material de las fuertes declaraciones tras el empate entre Barracas Central e Independiente: planean iniciar acciones legales contra el entrenador y el mediocampista del Rojo El esc\u00e1ndalo del empate entre\u00a0Barracas Central\u00a0e\u00a0Independiente\u00a0continuar\u00e1 en la Justicia: la Asociaci\u00f3n Argentina de \u00c1rbitros (AAA) planea iniciar acciones legales contra\u00a0Carlos [&hellip;]<\/p>\n","protected":false},"author":2,"featured_media":402,"comment_status":"open","ping_status":"open","sticky":false,"template":"","format":"standard","meta":{"footnotes":""},"categories":[14],"tags":[],"_links":{"self":[{"href":"https:\/\/enlamira.info\/index.php\/wp-json\/wp\/v2\/posts\/400"}],"collection":[{"href":"https:\/\/enlamira.info\/index.php\/wp-json\/wp\/v2\/posts"}],"about":[{"href":"https:\/\/enlamira.info\/index.php\/wp-json\/wp\/v2\/types\/post"}],"author":[{"embeddable":true,"href":"https:\/\/enlamira.info\/index.php\/wp-json\/wp\/v2\/users\/2"}],"replies":[{"embeddable":true,"href":"https:\/\/enlamira.info\/index.php\/wp-json\/wp\/v2\/comments?post=400"}],"version-history":[{"count":2,"href":"https:\/\/enlamira.info\/index.php\/wp-json\/wp\/v2\/posts\/400\/revisions"}],"predecessor-version":[{"id":403,"href":"https:\/\/enlamira.info\/index.php\/wp-json\/wp\/v2\/posts\/400\/revisions\/403"}],"wp:featuredmedia":[{"embeddable":true,"href":"https:\/\/enlamira.info\/index.php\/wp-json\/wp\/v2\/media\/402"}],"wp:attachment":[{"href":"https:\/\/enlamira.info\/index.php\/wp-json\/wp\/v2\/media?parent=400"}],"wp:term":[{"taxonomy":"category","embeddable":true,"href":"https:\/\/enlamira.info\/index.php\/wp-json\/wp\/v2\/categories?post=400"},{"taxonomy":"post_tag","embeddable":true,"href":"https:\/\/enlamira.info\/index.php\/wp-json\/wp\/v2\/tags?post=400"}],"curies":[{"name":"wp","href":"https:\/\/api.w.org\/{rel}","templated":true}]}}