{"id":3983,"date":"2024-04-26T12:48:26","date_gmt":"2024-04-26T15:48:26","guid":{"rendered":"https:\/\/enlamira.info\/?p=3983"},"modified":"2024-04-26T13:47:34","modified_gmt":"2024-04-26T16:47:34","slug":"reforma-laboral-martin-menem-explico-las-razones-por-las-cuales-se-aceptaron-bajar-mas-de-50-articulos","status":"publish","type":"post","link":"https:\/\/enlamira.info\/index.php\/2024\/04\/26\/reforma-laboral-martin-menem-explico-las-razones-por-las-cuales-se-aceptaron-bajar-mas-de-50-articulos\/","title":{"rendered":"Reforma laboral: Mart\u00edn Menem explic\u00f3 las razones por las cuales se aceptaron bajar m\u00e1s de 50 art\u00edculos"},"content":{"rendered":"\n<p>El presidente de la C\u00e1mara de Diputados se mostr\u00f3 conforme y con expectativa de cara al tratamiento de la Ley de Bases, la cual ser\u00e1 debatida desde el pr\u00f3ximo lunes.<\/p>\n\n\n\n<p>A d\u00edas de que la nueva Ley de Bases entre al Congreso tras el rechazo de la primera versi\u00f3n, el presidente de la C\u00e1mara Baja, Mart\u00edn Menem, detall\u00f3 lo motivos por los cuales se bajaron art\u00edculos de la Reforma Laboral y se mostr\u00f3 positivo en cuanto a su aprobaci\u00f3n.\u201cDesde el 10 de diciembre, hemos trabajado para lograr acuerdos y sumar voluntades. Hoy arrancamos la jornada muy temprano y logramos obtener dictamen de mayor\u00eda en la Ley Bases y el paquete fiscal, iniciativas para las cuales hemos convocado a sesi\u00f3n especial para el d\u00eda lunes 29 de abril. Estamos con expectativa\u201c, coment\u00f3 Menem.En referencia a la Reforma Laboral, la cual sufri\u00f3 una reducci\u00f3n de 70 a 15 art\u00edculos, el presidente de Diputados sostuvo: \u201cHa quedado un poco m\u00e1s corto. Pero lo que hemos buscado durante todo este per\u00edodo es priorizar el acuerdo de voluntades y los votos que podamos tener afirmativos\u201d.<\/p>\n\n\n\n<p>&#8221; Queremos una reforma laboral pero, para que eso suceda, necesitamos previamente contar con 129 votos para avanzar con la ley \u00f3mnibus. Hemos priorizado art\u00edculo por art\u00edculo, tanto de la Ley Bases como del paquete fiscal, para poder bajar al recinto con un grado de certeza muy importante\u201c, detall\u00f3.De cara al tratamiento el pr\u00f3ximo lunes 29 de abril, Menem asegur\u00f3 sobre el acompa\u00f1amiento de los distintos legisladores: \u201cNo es f\u00e1cil pero estamos bien\u201d.\u201cEn algunos tenemos mayor aceptaci\u00f3n, en otros un poco menos. Siempre hablamos de estar arriba de 130 voluntades\u201d, advirti\u00f3.En cuento a la sesi\u00f3n, que ser\u00e1 uno de los acontecimiento pol\u00edticos m\u00e1s importantes desde que asumi\u00f3 Javier Milei, el titular de Diputado cont\u00f3: \u201cEmpezar\u00e1 a las 11. Su inicio puede demorarse a lo sumo una o dos horas. Vamos a tratar de empezar el lunes y terminar antes del 1 de mayo. Es el d\u00eda del trabajo y muchos legisladores tienen que retornar a sus provincias por diversas cuestiones como eventos pol\u00edticos o encuentros con sus gobernadores. Lamentablemente no habr\u00e1 tiempo para descansar. La idea es, cuanto antes, que los argentinos empiecen a vivir una Argentina distinta. Y vamos a trabajar intensamente para que el lunes haya media sanci\u00f3n\u201d<\/p>\n\n\n\n<p><\/p>\n","protected":false},"excerpt":{"rendered":"<p>El presidente de la C\u00e1mara de Diputados se mostr\u00f3 conforme y con expectativa de cara al tratamiento de la Ley de Bases, la cual ser\u00e1 debatida desde el pr\u00f3ximo lunes. A d\u00edas de que la nueva Ley de Bases entre al Congreso tras el rechazo de la primera versi\u00f3n, el presidente de la C\u00e1mara Baja, [&hellip;]<\/p>\n","protected":false},"author":2,"featured_media":3985,"comment_status":"open","ping_status":"open","sticky":false,"template":"","format":"standard","meta":{"footnotes":""},"categories":[20],"tags":[],"_links":{"self":[{"href":"https:\/\/enlamira.info\/index.php\/wp-json\/wp\/v2\/posts\/3983"}],"collection":[{"href":"https:\/\/enlamira.info\/index.php\/wp-json\/wp\/v2\/posts"}],"about":[{"href":"https:\/\/enlamira.info\/index.php\/wp-json\/wp\/v2\/types\/post"}],"author":[{"embeddable":true,"href":"https:\/\/enlamira.info\/index.php\/wp-json\/wp\/v2\/users\/2"}],"replies":[{"embeddable":true,"href":"https:\/\/enlamira.info\/index.php\/wp-json\/wp\/v2\/comments?post=3983"}],"version-history":[{"count":1,"href":"https:\/\/enlamira.info\/index.php\/wp-json\/wp\/v2\/posts\/3983\/revisions"}],"predecessor-version":[{"id":3984,"href":"https:\/\/enlamira.info\/index.php\/wp-json\/wp\/v2\/posts\/3983\/revisions\/3984"}],"wp:featuredmedia":[{"embeddable":true,"href":"https:\/\/enlamira.info\/index.php\/wp-json\/wp\/v2\/media\/3985"}],"wp:attachment":[{"href":"https:\/\/enlamira.info\/index.php\/wp-json\/wp\/v2\/media?parent=3983"}],"wp:term":[{"taxonomy":"category","embeddable":true,"href":"https:\/\/enlamira.info\/index.php\/wp-json\/wp\/v2\/categories?post=3983"},{"taxonomy":"post_tag","embeddable":true,"href":"https:\/\/enlamira.info\/index.php\/wp-json\/wp\/v2\/tags?post=3983"}],"curies":[{"name":"wp","href":"https:\/\/api.w.org\/{rel}","templated":true}]}}