{"id":3977,"date":"2024-04-26T12:43:59","date_gmt":"2024-04-26T15:43:59","guid":{"rendered":"https:\/\/enlamira.info\/?p=3977"},"modified":"2024-04-26T15:45:40","modified_gmt":"2024-04-26T18:45:40","slug":"pacto-de-mayo-el-ejecutivo-evalua-convocar-a-funcionarios-provinciales-para-acordar-la-letra-chica","status":"publish","type":"post","link":"https:\/\/enlamira.info\/index.php\/2024\/04\/26\/pacto-de-mayo-el-ejecutivo-evalua-convocar-a-funcionarios-provinciales-para-acordar-la-letra-chica\/","title":{"rendered":"Pacto de Mayo: el Ejecutivo eval\u00faa convocar a funcionarios provinciales para acordar la letra chica"},"content":{"rendered":"\n<p>El Gobierno de Javier Milei intenta delinear los puntos tributarios, econ\u00f3micos y previsionales del acuerdo que se firmar\u00e1 en C\u00f3rdoba.<\/p>\n\n\n\n<p>El Gobierno analiza citar a la comisi\u00f3n econ\u00f3mica de los ministros provinciales, a d\u00edas de la reuni\u00f3n que convocar\u00e1 a todos los gobernadores en la ciudad de C\u00f3rdoba para la firma del Pacto de Mayo. En el encuentro, el equipo econ\u00f3mico intentar\u00e1 delinear los puntos tributarios, econ\u00f3micos y previsionales.\u201cEs la mejor forma de aclarar el detalle de las reformas que vamos a intentar acordar para los pr\u00f3ximos a\u00f1os. Se va a hacer si hay tiempo, es la idea\u201d, expres\u00f3 un funcionario cercano.La citaci\u00f3n de los ministros econ\u00f3micos provinciales a la casa de Gobierno est\u00e1 ligada al estado parlamentario de la Ley \u00d3mnibus y el paquete fiscal que el oficialismo buscar\u00e1 sancionar en la C\u00e1mara de Diputados la semana que viene y apuntar\u00e1 a tratar ambos proyectos en un plenario de comisiones del Senado la segunda semana de mayo para pasar al recinto la tercera. La comisi\u00f3n se reunir\u00eda los d\u00edas previos al 25 en caso de sancionarse.El Gobierno analiza adem\u00e1s reemplazar uno de los 10 temas que les propuso Javier Milei a los gobernadores en la apertura de sesiones ordinarias. Se trata del punto 9, que menciona una reforma pol\u00edtica que \u201cmodifique el sistema actual y vuelva a alinear los intereses de los representantes y los representados\u201d.<\/p>\n\n\n\n<p>El oficialismo obtuvo dictamen favorable en el CongresoLuego de varios meses de negociaciones y de ceder en algunos de los art\u00edculos, el bloque de La Libertad Avanza logr\u00f3, este jueves 25 de abril, un dictamen favorable en el plenario de comisiones de la C\u00e1mara de Diputados para la renovada Ley \u00d3mnibus.De este modo, el paquete de reformas al Estado que pretende el Gobierno que encabeza Javier Milei, llegar\u00e1 al recinto el pr\u00f3ximo lunes, en donde se espera que reciba una aprobaci\u00f3n r\u00e1pida, para pasar al Senado en los primeros d\u00edas de mayo.Entre los cambios m\u00e1s trascendentes, estuvo la eliminaci\u00f3n del Banco Naci\u00f3n (BNA) de la lista de empresas estatales que la gesti\u00f3n libertaria quiere privatizar, el recorte de los art\u00edculos de defensa de la competencia y la reincorporaci\u00f3n del cap\u00edtulo sobre impuestos al tabaco.<\/p>\n","protected":false},"excerpt":{"rendered":"<p>El Gobierno de Javier Milei intenta delinear los puntos tributarios, econ\u00f3micos y previsionales del acuerdo que se firmar\u00e1 en C\u00f3rdoba. El Gobierno analiza citar a la comisi\u00f3n econ\u00f3mica de los ministros provinciales, a d\u00edas de la reuni\u00f3n que convocar\u00e1 a todos los gobernadores en la ciudad de C\u00f3rdoba para la firma del Pacto de Mayo. [&hellip;]<\/p>\n","protected":false},"author":2,"featured_media":3979,"comment_status":"open","ping_status":"open","sticky":false,"template":"","format":"standard","meta":{"footnotes":""},"categories":[20],"tags":[],"_links":{"self":[{"href":"https:\/\/enlamira.info\/index.php\/wp-json\/wp\/v2\/posts\/3977"}],"collection":[{"href":"https:\/\/enlamira.info\/index.php\/wp-json\/wp\/v2\/posts"}],"about":[{"href":"https:\/\/enlamira.info\/index.php\/wp-json\/wp\/v2\/types\/post"}],"author":[{"embeddable":true,"href":"https:\/\/enlamira.info\/index.php\/wp-json\/wp\/v2\/users\/2"}],"replies":[{"embeddable":true,"href":"https:\/\/enlamira.info\/index.php\/wp-json\/wp\/v2\/comments?post=3977"}],"version-history":[{"count":1,"href":"https:\/\/enlamira.info\/index.php\/wp-json\/wp\/v2\/posts\/3977\/revisions"}],"predecessor-version":[{"id":3978,"href":"https:\/\/enlamira.info\/index.php\/wp-json\/wp\/v2\/posts\/3977\/revisions\/3978"}],"wp:featuredmedia":[{"embeddable":true,"href":"https:\/\/enlamira.info\/index.php\/wp-json\/wp\/v2\/media\/3979"}],"wp:attachment":[{"href":"https:\/\/enlamira.info\/index.php\/wp-json\/wp\/v2\/media?parent=3977"}],"wp:term":[{"taxonomy":"category","embeddable":true,"href":"https:\/\/enlamira.info\/index.php\/wp-json\/wp\/v2\/categories?post=3977"},{"taxonomy":"post_tag","embeddable":true,"href":"https:\/\/enlamira.info\/index.php\/wp-json\/wp\/v2\/tags?post=3977"}],"curies":[{"name":"wp","href":"https:\/\/api.w.org\/{rel}","templated":true}]}}