{"id":3971,"date":"2024-04-25T23:52:36","date_gmt":"2024-04-26T02:52:36","guid":{"rendered":"https:\/\/enlamira.info\/?p=3971"},"modified":"2024-04-26T15:49:17","modified_gmt":"2024-04-26T18:49:17","slug":"el-gobierno-respaldo-a-sandra-pettovello-tras-el-conflicto-con-las-universidades","status":"publish","type":"post","link":"https:\/\/enlamira.info\/index.php\/2024\/04\/25\/el-gobierno-respaldo-a-sandra-pettovello-tras-el-conflicto-con-las-universidades\/","title":{"rendered":"El Gobierno respald\u00f3 a Sandra Pettovello tras el conflicto con las universidades"},"content":{"rendered":"\n<p>En su habitual conferencia de prensa, el vocero presidencial desminti\u00f3 el descontento de Javier Milei con la titular de la cartera de Capital Humano.<\/p>\n\n\n\n<p>En medio del conflicto que mantiene el Ejecutivo nacional con las universidades y tras la renuncia de dos de los principales funcionarios de la cartera de Capital Humano, la Casa Rosada sali\u00f3 a respaldar a la ministra Sandra Pettovello.\u201cEl presidente Milei destaca permanentemente el trabajo de Pettovello en todas las \u00e1reas. Tanto en cuestiones sociales como de Educaci\u00f3n\u201d, aclar\u00f3, este jueves, el portavoz del Presidente, Manuel Adorni.Adorni coment\u00f3 que \u201cno hay nada que achacarle a nadie y menos a la ministra Pettovello que hace un trabajo impresionante\u201d, en referencia a los reclamos que hizo el sector universitario por el recorte en el presupuesto. En ese sentido, explic\u00f3: \u201cEl tema presupuestario de transferencias ya estaba acordado y transferido\u201d.<\/p>\n\n\n\n<p>La titular de la cartera de Capital Humano vivi\u00f3 una semana compleja, dado que dos de sus funcionarios m\u00e1s importantes renunciaron apenas unas horas antes de la masiva movilizaci\u00f3n que las universidades realizaron frente a Casa Rosada.Las renuncias de Hita y Keczeli no fueron las primeras salidas que se dieron dentro del Ministerio de Capital Humano. Se sumaron al despido del secretario de Trabajo, Omar Yas\u00edn, a quien el Presidente responsabiliz\u00f3 por aprobar un aumento de sueldos de los funcionarios de primera l\u00ednea.Con respecto a la ola de salidas dentro de Capital Humano, Adorni insisti\u00f3: \u201cHay un mont\u00f3n de esos funcionarios que efectivamente nunca asumieron en sus cargos. Se dejaba a entrever o la prensa dec\u00edan que oficiaban dentro de un ministerio o secretar\u00eda, pero nunca llegaron a ser funcionarios. No terminaron siendo colaboradores de los ministros\u201d.\u201cAyer estuvieron juntos en la cena de la Fundaci\u00f3n Libertad. Se juntan permanentemente, no solo en las reuniones de Gabinete\u201d, se\u00f1al\u00f3.<\/p>\n","protected":false},"excerpt":{"rendered":"<p>En su habitual conferencia de prensa, el vocero presidencial desminti\u00f3 el descontento de Javier Milei con la titular de la cartera de Capital Humano. En medio del conflicto que mantiene el Ejecutivo nacional con las universidades y tras la renuncia de dos de los principales funcionarios de la cartera de Capital Humano, la Casa Rosada [&hellip;]<\/p>\n","protected":false},"author":2,"featured_media":3973,"comment_status":"open","ping_status":"open","sticky":false,"template":"","format":"standard","meta":{"footnotes":""},"categories":[20],"tags":[],"_links":{"self":[{"href":"https:\/\/enlamira.info\/index.php\/wp-json\/wp\/v2\/posts\/3971"}],"collection":[{"href":"https:\/\/enlamira.info\/index.php\/wp-json\/wp\/v2\/posts"}],"about":[{"href":"https:\/\/enlamira.info\/index.php\/wp-json\/wp\/v2\/types\/post"}],"author":[{"embeddable":true,"href":"https:\/\/enlamira.info\/index.php\/wp-json\/wp\/v2\/users\/2"}],"replies":[{"embeddable":true,"href":"https:\/\/enlamira.info\/index.php\/wp-json\/wp\/v2\/comments?post=3971"}],"version-history":[{"count":1,"href":"https:\/\/enlamira.info\/index.php\/wp-json\/wp\/v2\/posts\/3971\/revisions"}],"predecessor-version":[{"id":3972,"href":"https:\/\/enlamira.info\/index.php\/wp-json\/wp\/v2\/posts\/3971\/revisions\/3972"}],"wp:featuredmedia":[{"embeddable":true,"href":"https:\/\/enlamira.info\/index.php\/wp-json\/wp\/v2\/media\/3973"}],"wp:attachment":[{"href":"https:\/\/enlamira.info\/index.php\/wp-json\/wp\/v2\/media?parent=3971"}],"wp:term":[{"taxonomy":"category","embeddable":true,"href":"https:\/\/enlamira.info\/index.php\/wp-json\/wp\/v2\/categories?post=3971"},{"taxonomy":"post_tag","embeddable":true,"href":"https:\/\/enlamira.info\/index.php\/wp-json\/wp\/v2\/tags?post=3971"}],"curies":[{"name":"wp","href":"https:\/\/api.w.org\/{rel}","templated":true}]}}