{"id":3968,"date":"2024-04-25T23:50:54","date_gmt":"2024-04-26T02:50:54","guid":{"rendered":"https:\/\/enlamira.info\/?p=3968"},"modified":"2024-04-26T15:49:39","modified_gmt":"2024-04-26T18:49:39","slug":"previo-al-debate-en-el-congreso-guillermo-francos-se-reunira-con-gobernadores-e-intendentes","status":"publish","type":"post","link":"https:\/\/enlamira.info\/index.php\/2024\/04\/25\/previo-al-debate-en-el-congreso-guillermo-francos-se-reunira-con-gobernadores-e-intendentes\/","title":{"rendered":"Previo al debate en el Congreso, Guillermo Francos se reunir\u00e1 con gobernadores e intendentes"},"content":{"rendered":"\n<p>El ministro del Interior participar\u00e1 de diferentes eventos donde se encontrar\u00e1 con mandatarios provinciales y municipales.<\/p>\n\n\n\n<p>Luego de varios meses de negociaciones y de ceder en algunos de los art\u00edculos, el oficialismo logr\u00f3 un dictamen favorable en el plenario de comisiones de la C\u00e1mara de Diputados para la renovada Ley \u00d3mnibus.De este modo, el paquete de reformas al Estado que pretende el Gobierno que encabeza Javier Milei, llegar\u00e1 al recinto el pr\u00f3ximo lunes, en donde se espera que reciba una aprobaci\u00f3n r\u00e1pida, para pasar al Senado en los primeros d\u00edas de mayo.Entre los cambios m\u00e1s trascendentes, estuvo la eliminaci\u00f3n del Banco Naci\u00f3n (BNA) de la lista de empresas estatales que la gesti\u00f3n libertaria quiere privatizar, el recorte de los art\u00edculos de defensa de la competencia y la reincorporaci\u00f3n del cap\u00edtulo sobre impuestos al tabaco.El oficialismo conf\u00eda en que ambos proyectos ser\u00e1n sancionados tanto en este recinto como en el Senado, ya que -destacan- el texto fue consensuado esta vez con los m\u00faltiples sectores involucrados en las reformas que se proponen.<\/p>\n\n\n\n<p>De hecho, a lo largo de los \u00faltimos meses, el ministro del Interior, Guillermo Francos, se encarg\u00f3 de acercar posiciones recibiendo a l\u00edderes de la oposici\u00f3n \u201cdialoguista\u201d en la Casa Rosada o incluso viajando a las provincias para escuchar reclamos de los gobernadores.El viernes, por ejemplo, el ministro viajar\u00e1 a Tucum\u00e1n para asistir al Foro Econ\u00f3mico del Noroeste Argentino (FENOA), en el que adem\u00e1s de empresarios, legisladores y dirigentes de distintos partidos pol\u00edticos, estar\u00e1 tambi\u00e9n el gobernador Osvaldo Jaldo.<\/p>\n","protected":false},"excerpt":{"rendered":"<p>El ministro del Interior participar\u00e1 de diferentes eventos donde se encontrar\u00e1 con mandatarios provinciales y municipales. Luego de varios meses de negociaciones y de ceder en algunos de los art\u00edculos, el oficialismo logr\u00f3 un dictamen favorable en el plenario de comisiones de la C\u00e1mara de Diputados para la renovada Ley \u00d3mnibus.De este modo, el paquete [&hellip;]<\/p>\n","protected":false},"author":2,"featured_media":3970,"comment_status":"open","ping_status":"open","sticky":false,"template":"","format":"standard","meta":{"footnotes":""},"categories":[20],"tags":[],"_links":{"self":[{"href":"https:\/\/enlamira.info\/index.php\/wp-json\/wp\/v2\/posts\/3968"}],"collection":[{"href":"https:\/\/enlamira.info\/index.php\/wp-json\/wp\/v2\/posts"}],"about":[{"href":"https:\/\/enlamira.info\/index.php\/wp-json\/wp\/v2\/types\/post"}],"author":[{"embeddable":true,"href":"https:\/\/enlamira.info\/index.php\/wp-json\/wp\/v2\/users\/2"}],"replies":[{"embeddable":true,"href":"https:\/\/enlamira.info\/index.php\/wp-json\/wp\/v2\/comments?post=3968"}],"version-history":[{"count":1,"href":"https:\/\/enlamira.info\/index.php\/wp-json\/wp\/v2\/posts\/3968\/revisions"}],"predecessor-version":[{"id":3969,"href":"https:\/\/enlamira.info\/index.php\/wp-json\/wp\/v2\/posts\/3968\/revisions\/3969"}],"wp:featuredmedia":[{"embeddable":true,"href":"https:\/\/enlamira.info\/index.php\/wp-json\/wp\/v2\/media\/3970"}],"wp:attachment":[{"href":"https:\/\/enlamira.info\/index.php\/wp-json\/wp\/v2\/media?parent=3968"}],"wp:term":[{"taxonomy":"category","embeddable":true,"href":"https:\/\/enlamira.info\/index.php\/wp-json\/wp\/v2\/categories?post=3968"},{"taxonomy":"post_tag","embeddable":true,"href":"https:\/\/enlamira.info\/index.php\/wp-json\/wp\/v2\/tags?post=3968"}],"curies":[{"name":"wp","href":"https:\/\/api.w.org\/{rel}","templated":true}]}}