{"id":3959,"date":"2024-04-25T23:42:06","date_gmt":"2024-04-26T02:42:06","guid":{"rendered":"https:\/\/enlamira.info\/?p=3959"},"modified":"2024-04-26T15:52:58","modified_gmt":"2024-04-26T18:52:58","slug":"la-corte-suprema-debera-definir-si-es-constitucional-la-reeleccion-indefinida-en-formosa","status":"publish","type":"post","link":"https:\/\/enlamira.info\/index.php\/2024\/04\/25\/la-corte-suprema-debera-definir-si-es-constitucional-la-reeleccion-indefinida-en-formosa\/","title":{"rendered":"La Corte Suprema deber\u00e1 definir si es constitucional la reelecci\u00f3n indefinida en Formosa"},"content":{"rendered":"\n<p>El m\u00e1ximo tribunal emiti\u00f3 un ultim\u00e1tum a Gildo Insfr\u00e1n, quien gobierna hace 8 mandatos en la provincia, y le exigi\u00f3 que en el plazo de 60 d\u00edas formule un descargo.<\/p>\n\n\n\n<p>La Corte Suprema de Justicia de la Naci\u00f3n le exigi\u00f3 al gobernador de Formosa, Gildo Insfr\u00e1n y a la fiscal de Estado formose\u00f1a para que formule un descargo de acuerdo a los art\u00edculos 319, 322 y 338 del C\u00f3digo Procesal Civil y Comercial de la Naci\u00f3n y justifique la legitimidad de su reelecci\u00f3n, en el marco de su octavo mandato.Ya el senador de La Libertad Avanza por Formosa, Francisco Paoltroni hab\u00eda pedido al juez de la Corte, Ricardo Lorenzetti, que resolviera estos recursos sobre Insfr\u00e1n. Uno presentado por la Confederaci\u00f3n del Frente Amplio Formose\u00f1o, otro por Paoltroni con el auspicio del constitucionalista Daniel Sabsay y otro del diputado opositor y ex juez formose\u00f1o Fernando Carbajal.<\/p>\n\n\n\n<p>El a\u00f1o pasado, la Corte hab\u00eda declarado la inconstitucionalidad de la reelecci\u00f3n por m\u00e1s de dos mandatos en San Juan, R\u00edo Negro y Tucum\u00e1n.En declaraciones, el senador Paoltroni dijo que espero que la Corte \u201csaque un fallo amplio que termine con las reelecciones indefinidas en Formosa, otras provincias y municipios\u201d. La preocupaci\u00f3n de Paoltroni es por la posibilidad de que la Corte considere \u201cextempor\u00e1neos\u201d* los otros recursos porque se presentaron antes de que Insfr\u00e1n anunciara el a\u00f1o pasado su reelecci\u00f3n.\u201cEspero que por una cuesti\u00f3n t\u00e9cnica no se declare improcedente los otros recursos al m\u00edo y naufrague una oportunidad hist\u00f3rica de terminar con las reelecciones indefinidas en la Argentina\u201d, insisti\u00f3.Insfr\u00e1n ha sido un aliado de la ex presidenta Cristina Kirchner y gobierna la provincia con mano de hierro presionando periodistas y opositores, as\u00ed como ejecutado el m\u00e1s duro aislamiento de la poblaci\u00f3n en toda la Argentina y maniobrando frente a denuncias de corrupci\u00f3n.<\/p>\n","protected":false},"excerpt":{"rendered":"<p>El m\u00e1ximo tribunal emiti\u00f3 un ultim\u00e1tum a Gildo Insfr\u00e1n, quien gobierna hace 8 mandatos en la provincia, y le exigi\u00f3 que en el plazo de 60 d\u00edas formule un descargo. La Corte Suprema de Justicia de la Naci\u00f3n le exigi\u00f3 al gobernador de Formosa, Gildo Insfr\u00e1n y a la fiscal de Estado formose\u00f1a para que [&hellip;]<\/p>\n","protected":false},"author":2,"featured_media":3961,"comment_status":"open","ping_status":"open","sticky":false,"template":"","format":"standard","meta":{"footnotes":""},"categories":[20],"tags":[],"_links":{"self":[{"href":"https:\/\/enlamira.info\/index.php\/wp-json\/wp\/v2\/posts\/3959"}],"collection":[{"href":"https:\/\/enlamira.info\/index.php\/wp-json\/wp\/v2\/posts"}],"about":[{"href":"https:\/\/enlamira.info\/index.php\/wp-json\/wp\/v2\/types\/post"}],"author":[{"embeddable":true,"href":"https:\/\/enlamira.info\/index.php\/wp-json\/wp\/v2\/users\/2"}],"replies":[{"embeddable":true,"href":"https:\/\/enlamira.info\/index.php\/wp-json\/wp\/v2\/comments?post=3959"}],"version-history":[{"count":1,"href":"https:\/\/enlamira.info\/index.php\/wp-json\/wp\/v2\/posts\/3959\/revisions"}],"predecessor-version":[{"id":3960,"href":"https:\/\/enlamira.info\/index.php\/wp-json\/wp\/v2\/posts\/3959\/revisions\/3960"}],"wp:featuredmedia":[{"embeddable":true,"href":"https:\/\/enlamira.info\/index.php\/wp-json\/wp\/v2\/media\/3961"}],"wp:attachment":[{"href":"https:\/\/enlamira.info\/index.php\/wp-json\/wp\/v2\/media?parent=3959"}],"wp:term":[{"taxonomy":"category","embeddable":true,"href":"https:\/\/enlamira.info\/index.php\/wp-json\/wp\/v2\/categories?post=3959"},{"taxonomy":"post_tag","embeddable":true,"href":"https:\/\/enlamira.info\/index.php\/wp-json\/wp\/v2\/tags?post=3959"}],"curies":[{"name":"wp","href":"https:\/\/api.w.org\/{rel}","templated":true}]}}