{"id":3956,"date":"2024-04-25T23:40:03","date_gmt":"2024-04-26T02:40:03","guid":{"rendered":"https:\/\/enlamira.info\/?p=3956"},"modified":"2024-04-26T15:54:07","modified_gmt":"2024-04-26T18:54:07","slug":"peligra-la-visita-de-javier-milei-a-la-feria-del-libro-no-hay-plata-para-garantizar-su-seguridad","status":"publish","type":"post","link":"https:\/\/enlamira.info\/index.php\/2024\/04\/25\/peligra-la-visita-de-javier-milei-a-la-feria-del-libro-no-hay-plata-para-garantizar-su-seguridad\/","title":{"rendered":"Peligra la visita de Javier Milei a la Feria del Libro: no hay plata para \u201cgarantizar su seguridad\u201d"},"content":{"rendered":"\n<p>Lo afirm\u00f3 Alejandro Vaccaro, presidente de la Fundaci\u00f3n del Libro, quien pronunci\u00f3 un duro discurso en la apertura del evento donde cuestion\u00f3 al jefe de Estado y su \u201cfalta de apoyo\u201d.<\/p>\n\n\n\n<p>El presidente de la Fundaci\u00f3n del Libro, Alejandro Vaccaro, que es la entidad encargada de organizar la Feria del Libro, puso en duda la presencia del presidente, Javier Milei, en la edici\u00f3n 2024.En la inauguraci\u00f3n del popular evento literario y cultural, el directivo cuestion\u00f3 en duros t\u00e9rminos al jefe de Estado, a quien le reproch\u00f3 que su gesti\u00f3n no realiz\u00f3 aportes para la concreci\u00f3n de la feria, y aun as\u00ed habr\u00eda reclamado participar.\u201cLuego de despreciar nuestra feria, no se sonroja y pide participar en este espacio, cuya presencia est\u00e1 prevista para el pr\u00f3ximo domingo 12 de mayo en la pista central de La Rural\u201d, afirm\u00f3 Vaccaro, mientras su auditorio silbaba al Presidente. Luego explic\u00f3 que la presencia de Milei implicar\u00eda un esfuerzo econ\u00f3mico que la organizaci\u00f3n no est\u00e1 en condiciones de afrontar. \u201cSe\u00f1or presidente, se lo digo con una mano en el coraz\u00f3n, no hay plata\u201d, ironiz\u00f3 utilizando una de las muletillas que convirti\u00f3 en su insignia de campa\u00f1a el l\u00edder libertario.\u201cSu participaci\u00f3n en la Feria implica una serie de erogaciones extraordinarias que la Fundaci\u00f3n del Libro no puede afrontar\u201d, insiti\u00f3 Vaccaro.<\/p>\n\n\n\n<p>&#8221; Concurrir a la Feria este a\u00f1o representa un acto de rebeld\u00eda y resistencia. Como nunca este espacio cultural, activo, ser\u00e1 el eje central alrededor del cu\u00e1l girar\u00e1 el repudio de todas las fuerzas culturales a las pol\u00edticas desbastadoras que propone este gobierno\u201d, profundiz\u00f3.<\/p>\n\n\n\n<p>Cada a\u00f1o, la Fundaci\u00f3n del Libro, responsable de la organizaci\u00f3n, cuenta con le aporte del Estado, en sus distintos niveles. Este a\u00f1o, sin embargo, en el marco del ajuste que viene realizando la presidencia de Javier Milei en todas las \u00e1reas del Estado, esa contribuci\u00f3n se vio alterada. El propio Vaccaro lo cont\u00f3 de esta forma: \u201cNo registra la memoria de nuestra feria que el Gobierno nacional haya estado ausente, si un stand, en este evento. La excusa de que la participaci\u00f3n del Estado implicaba una erogaci\u00f3n de 300 millones de pesos es una flagrante mentira\u201d.\u201cDespu\u00e9s de una ardua negociaci\u00f3n, en la cu\u00e1l accedimos a todos sus requerimientos, el Banco Naci\u00f3n decidi\u00f3 retirar, despu\u00e9s de muchos a\u00f1os, su sponsoreo de la Feria, dejando trascender que la orden vino de arriba\u201d, agreg\u00f3.El convocante evento tendr\u00e1 su edici\u00f3n 48 desde este jueves 25 de abril hasta el lunes 13 de mayo, d\u00eda en que se realizar\u00e1 el cierre. El lugar ser\u00e1, como es tradici\u00f3n, en las instalaciones de la Sociedad Rural, en el barrio de Palermo, en la Ciudad de Buenos Aires.<\/p>\n","protected":false},"excerpt":{"rendered":"<p>Lo afirm\u00f3 Alejandro Vaccaro, presidente de la Fundaci\u00f3n del Libro, quien pronunci\u00f3 un duro discurso en la apertura del evento donde cuestion\u00f3 al jefe de Estado y su \u201cfalta de apoyo\u201d. El presidente de la Fundaci\u00f3n del Libro, Alejandro Vaccaro, que es la entidad encargada de organizar la Feria del Libro, puso en duda la [&hellip;]<\/p>\n","protected":false},"author":2,"featured_media":3958,"comment_status":"open","ping_status":"open","sticky":false,"template":"","format":"standard","meta":{"footnotes":""},"categories":[20],"tags":[],"_links":{"self":[{"href":"https:\/\/enlamira.info\/index.php\/wp-json\/wp\/v2\/posts\/3956"}],"collection":[{"href":"https:\/\/enlamira.info\/index.php\/wp-json\/wp\/v2\/posts"}],"about":[{"href":"https:\/\/enlamira.info\/index.php\/wp-json\/wp\/v2\/types\/post"}],"author":[{"embeddable":true,"href":"https:\/\/enlamira.info\/index.php\/wp-json\/wp\/v2\/users\/2"}],"replies":[{"embeddable":true,"href":"https:\/\/enlamira.info\/index.php\/wp-json\/wp\/v2\/comments?post=3956"}],"version-history":[{"count":2,"href":"https:\/\/enlamira.info\/index.php\/wp-json\/wp\/v2\/posts\/3956\/revisions"}],"predecessor-version":[{"id":3999,"href":"https:\/\/enlamira.info\/index.php\/wp-json\/wp\/v2\/posts\/3956\/revisions\/3999"}],"wp:featuredmedia":[{"embeddable":true,"href":"https:\/\/enlamira.info\/index.php\/wp-json\/wp\/v2\/media\/3958"}],"wp:attachment":[{"href":"https:\/\/enlamira.info\/index.php\/wp-json\/wp\/v2\/media?parent=3956"}],"wp:term":[{"taxonomy":"category","embeddable":true,"href":"https:\/\/enlamira.info\/index.php\/wp-json\/wp\/v2\/categories?post=3956"},{"taxonomy":"post_tag","embeddable":true,"href":"https:\/\/enlamira.info\/index.php\/wp-json\/wp\/v2\/tags?post=3956"}],"curies":[{"name":"wp","href":"https:\/\/api.w.org\/{rel}","templated":true}]}}