{"id":3936,"date":"2024-04-25T11:34:48","date_gmt":"2024-04-25T14:34:48","guid":{"rendered":"https:\/\/enlamira.info\/?p=3936"},"modified":"2024-04-25T11:51:47","modified_gmt":"2024-04-25T14:51:47","slug":"atentado-a-la-amia-iran-rechazo-el-pedido-de-la-argentina-para-arrestar-al-ministro-del-interior","status":"publish","type":"post","link":"https:\/\/enlamira.info\/index.php\/2024\/04\/25\/atentado-a-la-amia-iran-rechazo-el-pedido-de-la-argentina-para-arrestar-al-ministro-del-interior\/","title":{"rendered":"Atentado a la AMIA: Ir\u00e1n rechaz\u00f3 el pedido de la Argentina para arrestar al ministro del Interior"},"content":{"rendered":"\n<p>La Canciller\u00eda argentina emiti\u00f3 el pedido formal de detenci\u00f3n para el actual ministro iran\u00ed, Ahmad Vahidi, quien fue se\u00f1alado por su presunta implicaci\u00f3n en el ataque a la mutual jud\u00eda.<\/p>\n\n\n\n<p>Ir\u00e1n rechaz\u00f3 en\u00e9rgicamente el\u00a0pedido de la Justicia argentina\u00a0para detener al\u00a0ministro del Interior iran\u00ed, Ahmad Vahidi, por su presunta participaci\u00f3n en el atentado de 1994 contra la mutual jud\u00eda AMIA en Buenos Aires, que dej\u00f3 85 muertos.<\/p>\n\n\n\n<p>En un comunicado, la canciller\u00eda iran\u00ed conden\u00f3 la solicitud \u201cilegal\u201d y basada en \u201cmentiras\u201d de algunos jueces argentinos sobre ciudadanos iran\u00edes en relaci\u00f3n con el caso AMIA.<\/p>\n\n\n\n<p>El pasado 12 de Abril, la Justicia argentina determin\u00f3 que los&nbsp;atentados a la embajada de Israel&nbsp;en 1992 y a la AMIA en 1994 fueron ordenados por Ir\u00e1n. En este contexto, el martes, la canciller\u00eda argentina solicit\u00f3 formalmente la detenci\u00f3n internacional de Ahmad Vahidi a trav\u00e9s de Interpol.&nbsp;<\/p>\n\n\n\n<p>La circular roja de&nbsp;Interpol&nbsp;fue emitida a pedido de Argentina, que tambi\u00e9n solicit\u00f3 a Pakist\u00e1n y Sri Lanka que procedieran con el arresto.<\/p>\n\n\n\n<p>De esta manera, la oficina Central de Interpol emiti\u00f3 una circular roja para la detenci\u00f3n de Vahidi a pedido de&nbsp;Argentina, que a su vez solicit\u00f3 a los gobiernos de Pakist\u00e1n y Sri Lanka que procedieran con el arresto, seg\u00fan un comunicado de la canciller\u00eda argentina.<\/p>\n\n\n\n<p>Vahidi acompa\u00f1\u00f3 al presidente iran\u00ed, Ebrahim Raissi, en una visita a Pakist\u00e1n, pero no form\u00f3 parte de la delegaci\u00f3n en Sri Lanka, donde las autoridades locales confirmaron que no estaba presente.&nbsp;<\/p>\n\n\n\n<p>Seg\u00fan inform\u00f3 la agencia oficial de noticias iran\u00ed IRNA, Vahidi hab\u00eda regresado a Ir\u00e1n el martes para asistir a una ceremonia de investidura de un gobernador provincial.<\/p>\n\n\n\n<p>El atentado a la AMIA fue el segundo contra la comunidad jud\u00eda argentina, la m\u00e1s grande de Latinoam\u00e9rica, despu\u00e9s del perpetrado en 1992 contra la embajada de Israel, que dej\u00f3 29 muertos. Ambos ataques siguen impunes.&nbsp;<\/p>\n\n\n\n<p>En 2006, los&nbsp;tribunales&nbsp;argentinos solicitaron la extradici\u00f3n de ocho iran\u00edes, incluido el ex presidente Akbar Hashemi Rafsanjani, el ex agregado cultural de Ir\u00e1n en Buenos Aires, Mohsen Rabbani, y Vahidi, quien fue ministro de Defensa durante la presidencia de Mahmud Ahmadinejad.<\/p>\n\n\n\n<p>Vahidi, quien ocup\u00f3 el cargo de ministro del Interior en 2021, hab\u00eda sido comandante de la Fuerza Quds, la unidad de operaciones encubiertas de la Guardia Revolucionaria Isl\u00e1mica, en el momento del ataque en Buenos Aires. Ir\u00e1n, en tanto, niega cualquier implicaci\u00f3n y se opone a que los ocho ex funcionarios acusados por la justicia argentina sean interrogados.&nbsp;<\/p>\n\n\n\n<p>\u201cLas acusaciones realizadas en el marco del caso AMIA contra ciudadanos iran\u00edes carecen de cualquier validez\u201d, se\u00f1al\u00f3 el portavoz de la canciller\u00eda iran\u00ed. Y agreg\u00f3 que Ir\u00e1n \u201capoya que se haga justicia y que se persiga a quienes, destrozando documentos, causaron serias irregularidades en el desarrollo del caso AMIA y que eludieron un castigo por ese incidente\u201d.<\/p>\n\n\n\n<p>Para finalizar, Kanani tambi\u00e9n inst\u00f3 a las autoridades argentinas a evitar \u201crealizar acusaciones infundadas contra los ciudadanos de otros pa\u00edses y la influencia de los enemigos de las relaciones bilaterales entre Ir\u00e1n y Argentina\u201d.<\/p>\n","protected":false},"excerpt":{"rendered":"<p>La Canciller\u00eda argentina emiti\u00f3 el pedido formal de detenci\u00f3n para el actual ministro iran\u00ed, Ahmad Vahidi, quien fue se\u00f1alado por su presunta implicaci\u00f3n en el ataque a la mutual jud\u00eda. Ir\u00e1n rechaz\u00f3 en\u00e9rgicamente el\u00a0pedido de la Justicia argentina\u00a0para detener al\u00a0ministro del Interior iran\u00ed, Ahmad Vahidi, por su presunta participaci\u00f3n en el atentado de 1994 contra [&hellip;]<\/p>\n","protected":false},"author":2,"featured_media":3938,"comment_status":"open","ping_status":"open","sticky":false,"template":"","format":"standard","meta":{"footnotes":""},"categories":[30],"tags":[],"_links":{"self":[{"href":"https:\/\/enlamira.info\/index.php\/wp-json\/wp\/v2\/posts\/3936"}],"collection":[{"href":"https:\/\/enlamira.info\/index.php\/wp-json\/wp\/v2\/posts"}],"about":[{"href":"https:\/\/enlamira.info\/index.php\/wp-json\/wp\/v2\/types\/post"}],"author":[{"embeddable":true,"href":"https:\/\/enlamira.info\/index.php\/wp-json\/wp\/v2\/users\/2"}],"replies":[{"embeddable":true,"href":"https:\/\/enlamira.info\/index.php\/wp-json\/wp\/v2\/comments?post=3936"}],"version-history":[{"count":2,"href":"https:\/\/enlamira.info\/index.php\/wp-json\/wp\/v2\/posts\/3936\/revisions"}],"predecessor-version":[{"id":3954,"href":"https:\/\/enlamira.info\/index.php\/wp-json\/wp\/v2\/posts\/3936\/revisions\/3954"}],"wp:featuredmedia":[{"embeddable":true,"href":"https:\/\/enlamira.info\/index.php\/wp-json\/wp\/v2\/media\/3938"}],"wp:attachment":[{"href":"https:\/\/enlamira.info\/index.php\/wp-json\/wp\/v2\/media?parent=3936"}],"wp:term":[{"taxonomy":"category","embeddable":true,"href":"https:\/\/enlamira.info\/index.php\/wp-json\/wp\/v2\/categories?post=3936"},{"taxonomy":"post_tag","embeddable":true,"href":"https:\/\/enlamira.info\/index.php\/wp-json\/wp\/v2\/tags?post=3936"}],"curies":[{"name":"wp","href":"https:\/\/api.w.org\/{rel}","templated":true}]}}