{"id":3933,"date":"2024-04-25T11:33:09","date_gmt":"2024-04-25T14:33:09","guid":{"rendered":"https:\/\/enlamira.info\/?p=3933"},"modified":"2024-04-25T11:52:08","modified_gmt":"2024-04-25T14:52:08","slug":"milei-desafio-al-congreso-en-la-cena-de-la-fundacion-libertad-tiren-la-ley-bases-hagan-lo-que-quieran","status":"publish","type":"post","link":"https:\/\/enlamira.info\/index.php\/2024\/04\/25\/milei-desafio-al-congreso-en-la-cena-de-la-fundacion-libertad-tiren-la-ley-bases-hagan-lo-que-quieran\/","title":{"rendered":"Milei desafi\u00f3 al Congreso en la cena de la Fundaci\u00f3n Libertad: \u201cTiren la Ley Bases, hagan lo que quieran\u201d"},"content":{"rendered":"\n<p>El mandatario cerr\u00f3 la cena anual de la instituci\u00f3n con un discurso que incluy\u00f3 elogios a Mauricio Macri y cr\u00edticas a los aumentos de \u201cdietas\u201d.<\/p>\n\n\n\n<p>El presidente\u00a0Javier Milei\u00a0cerr\u00f3 la\u00a0cena anual de la Fundaci\u00f3n Libertad\u00a0con un discurso que incluy\u00f3 chicanas y burlas hacia la oposici\u00f3n y los economistas que lo critican. Su intervenci\u00f3n fue precedida por la del presidente uruguayo Luis Lacalle Pou.\u00a0<\/p>\n\n\n\n<p>Antes de comenzar su discurso, el locutor solicit\u00f3 silenciar los tel\u00e9fonos celulares, y Milei ingres\u00f3 al escenario con un saludo caracter\u00edstico: \u201cHola a todos\u201d, seguido de risas y la aclaraci\u00f3n: \u201cSi no, no ser\u00eda yo\u201d.<\/p>\n\n\n\n<p>Inicialmente, Milei abord\u00f3 temas de teor\u00eda econ\u00f3mica e inflaci\u00f3n, pero luego cambi\u00f3 su enfoque hacia cr\u00edticas a la oposici\u00f3n. En un tono desafiante, advirti\u00f3 al\u00a0Congreso:\u00a0\u201cTiren la ley bases, hagan lo que quieran\u201d, destacando los logros de su gesti\u00f3n al afirmar: \u201cLogramos d\u00e9ficit cero en el primer mes\u201d.\u00a0<\/p>\n\n\n\n<p>A su vez, se burl\u00f3 de los economistas que cuestionan su plan econ\u00f3mico y arremeti\u00f3 contra el expresidente Alberto Fern\u00e1ndez y el gobernador Axel Kicillof, acus\u00e1ndolos de haber dejado al pa\u00eds en una situaci\u00f3n econ\u00f3mica precaria.\u00a0\u201cEl gobierno delincuente que nos precedi\u00f3 emiti\u00f3 28 puntos del PBI, manga de chorros.\u00a0De esos 28, en el \u00faltimo a\u00f1o emitieron 13 puntos. Nos dejaron impl\u00edcita una multiplicaci\u00f3n de precios por 5 veces. Y un Banco Central quebrado. Nos dejaron sobrantes monetarios. No \u00edbamos a encontrar con una inflaci\u00f3n en torno al 15mil porciento. Ese chico, el sovi\u00e9tico que est\u00e1 en la provincia, dec\u00eda que era una exageraci\u00f3n\u201d, lanz\u00f3.<\/p>\n\n\n\n<figure class=\"wp-block-embed is-type-rich is-provider-twitter wp-block-embed-twitter\"><div class=\"wp-block-embed__wrapper\">\n<blockquote class=\"twitter-tweet\" data-width=\"550\" data-dnt=\"true\"><p lang=\"es\" dir=\"ltr\">\ud83d\udea8\ud83d\udd34  Javier Milei en la Fundaci\u00f3n Libertad: <br><br>\ud83d\udde3\ufe0f \u201cTiren la ley bases, hagan lo que quieran. Total con el programa vamos a lograr todo esto (el super\u00e1vit) a pesar de la pol\u00edtica\u201c.<a href=\"https:\/\/t.co\/cVQlC1VJvx\">pic.twitter.com\/cVQlC1VJvx<\/a><\/p>&mdash; Nexofin (@Nexofin) <a href=\"https:\/\/twitter.com\/Nexofin\/status\/1783299912668524955?ref_src=twsrc%5Etfw\">April 25, 2024<\/a><\/blockquote><script async src=\"https:\/\/platform.twitter.com\/widgets.js\" charset=\"utf-8\"><\/script>\n<\/div><\/figure>\n\n\n\n<p>\u201cDada la discusi\u00f3n tan presente sobre la inflaci\u00f3n y el tipo de cambios en la Argentina, y dado que estoy ante un p\u00fablico calificado, la intenci\u00f3n de esta charla es contarle c\u00f3mo es nuestra visi\u00f3n de c\u00f3mo atacar y exterminar el problema de la inflaci\u00f3n que tiene una fecha de inicio clara que es cuando se cre\u00f3 el Banco Central\u201d, comenz\u00f3 el mandatario.<\/p>\n\n\n\n<p>Milei inici\u00f3 su ponencia sobre c\u00f3mo abordar el problema de la inflaci\u00f3n, luego de las respectivas presentaciones de presidentes y exmandatarios tales como Mauricio Macri, Jorge Quiroga y Jos\u00e9 Mar\u00eda Aznar.<\/p>\n\n\n\n<p>Previamente, Milei hab\u00eda criticado a referentes de la\u00a0oposici\u00f3n\u00a0por utilizar \u201cuna mentira para promover sus intereses\u201d, en referencia a la movilizaci\u00f3n en defensa de la universidad p\u00fablica. En un posteo en X titulado \u201cCausas nobles. Motivos oscuros\u201d, el presidente expres\u00f3 su desacuerdo con quienes, seg\u00fan \u00e9l, se \u201cescudaron\u201d detr\u00e1s de la convocatoria.<\/p>\n\n\n\n<p>\u201cLos que dicen que hab\u00eda atraso cambiario, son los mismos que ped\u00edan el d\u00f3lar a 600\u201d, dijo, en tono enf\u00e1tico Milei. Parafrase\u00f3 a algunos de ellos, sin nombrarlos, pero en modo de burla. \u201cDec\u00edan es imposible el d\u00e9ficit cero\u201d, advirti\u00f3. Asimismo, consider\u00f3 que dadas las medidas adoptadas por su equipo econ\u00f3mico,\u00a0la econom\u00eda \u201cva a subir como pedo de buzo\u201d.<\/p>\n\n\n\n<p>A ra\u00edz de ello, se refiri\u00f3 a sus funcionarios como los mejores, y realiz\u00f3 una analog\u00eda con Lionel Messi. \u201cLos goles los hace Messi y hay que empezar a hacer goles.\u00a0Siento que hay varios Messi en el equipo, Toto [Caputo] es Messi, Patricia es Messi, Guillermo es Messi, Diana es Messi, cada uno es un Messi en su puesto.\u00a0Estoy muy feliz con el excelente equipo que formamos. Hay que meterse, sino nos van a gobernar los orcos\u201d.<\/p>\n\n\n\n<p>Acto seguido volvi\u00f3 a lanzar dardos calientes contra la oposici\u00f3n del kirchnerismo: \u201cAlgo que recomiendo y que los orcos lo entiende perfecto, es reconocer que el poder es un juego de suma cero, si lo tenemos nosotros no lo tienen ellos.\u00a0Pueden tener los bolsos de L\u00f3pez y lo van a seguir negando. Los van a encontrar afanando y lo van a negar\u201d.<\/p>\n","protected":false},"excerpt":{"rendered":"<p>El mandatario cerr\u00f3 la cena anual de la instituci\u00f3n con un discurso que incluy\u00f3 elogios a Mauricio Macri y cr\u00edticas a los aumentos de \u201cdietas\u201d. El presidente\u00a0Javier Milei\u00a0cerr\u00f3 la\u00a0cena anual de la Fundaci\u00f3n Libertad\u00a0con un discurso que incluy\u00f3 chicanas y burlas hacia la oposici\u00f3n y los economistas que lo critican. Su intervenci\u00f3n fue precedida por [&hellip;]<\/p>\n","protected":false},"author":2,"featured_media":3935,"comment_status":"open","ping_status":"open","sticky":false,"template":"","format":"standard","meta":{"footnotes":""},"categories":[20],"tags":[],"_links":{"self":[{"href":"https:\/\/enlamira.info\/index.php\/wp-json\/wp\/v2\/posts\/3933"}],"collection":[{"href":"https:\/\/enlamira.info\/index.php\/wp-json\/wp\/v2\/posts"}],"about":[{"href":"https:\/\/enlamira.info\/index.php\/wp-json\/wp\/v2\/types\/post"}],"author":[{"embeddable":true,"href":"https:\/\/enlamira.info\/index.php\/wp-json\/wp\/v2\/users\/2"}],"replies":[{"embeddable":true,"href":"https:\/\/enlamira.info\/index.php\/wp-json\/wp\/v2\/comments?post=3933"}],"version-history":[{"count":1,"href":"https:\/\/enlamira.info\/index.php\/wp-json\/wp\/v2\/posts\/3933\/revisions"}],"predecessor-version":[{"id":3934,"href":"https:\/\/enlamira.info\/index.php\/wp-json\/wp\/v2\/posts\/3933\/revisions\/3934"}],"wp:featuredmedia":[{"embeddable":true,"href":"https:\/\/enlamira.info\/index.php\/wp-json\/wp\/v2\/media\/3935"}],"wp:attachment":[{"href":"https:\/\/enlamira.info\/index.php\/wp-json\/wp\/v2\/media?parent=3933"}],"wp:term":[{"taxonomy":"category","embeddable":true,"href":"https:\/\/enlamira.info\/index.php\/wp-json\/wp\/v2\/categories?post=3933"},{"taxonomy":"post_tag","embeddable":true,"href":"https:\/\/enlamira.info\/index.php\/wp-json\/wp\/v2\/tags?post=3933"}],"curies":[{"name":"wp","href":"https:\/\/api.w.org\/{rel}","templated":true}]}}