{"id":3929,"date":"2024-04-25T11:29:05","date_gmt":"2024-04-25T14:29:05","guid":{"rendered":"https:\/\/enlamira.info\/?p=3929"},"modified":"2024-04-25T11:53:52","modified_gmt":"2024-04-25T14:53:52","slug":"sergio-berni-realizo-un-insolito-baile-en-una-transmision-de-internet-y-elogio-a-milei-tiene-huevos","status":"publish","type":"post","link":"https:\/\/enlamira.info\/index.php\/2024\/04\/25\/sergio-berni-realizo-un-insolito-baile-en-una-transmision-de-internet-y-elogio-a-milei-tiene-huevos\/","title":{"rendered":"Sergio Berni realiz\u00f3 un ins\u00f3lito baile en una transmisi\u00f3n de internet y elogi\u00f3 a Milei: \u201cTiene huevos\u201d"},"content":{"rendered":"\n<p>El exministro de Seguridad de la Provincia bail\u00f3 una canci\u00f3n de los a\u00f1os 80 y apunt\u00f3 contra Andr\u00e9s \u201cCuervo\u201d Larroque. Si bien marc\u00f3 diferencias con el Presidente, sostuvo: \u201cOjal\u00e1 tuvi\u00e9ramos en nuestro espacio muchos con sus cualidades\u201d.<\/p>\n\n\n\n<p>El exministro de Seguridad de la provincia de Buenos Aires,\u00a0Sergio Berni, reapareci\u00f3 en un canal de streaming,\u00a0realiz\u00f3 un ins\u00f3lito baile\u00a0y habl\u00f3 de la\u00a0actualidad pol\u00edtica\u00a0que atraviesa el pa\u00eds.<\/p>\n\n\n\n<p>Berni, quien actualmente se desempe\u00f1a como senador provincia y rector del Instituto Universitario Policial Juan Vucetich, brind\u00f3 una entrevista en el programa&nbsp;<em>\u201cHay Algo Ah\u00ed\u201d<\/em>&nbsp;conducido por Tom\u00e1s Rebord.<\/p>\n\n\n\n<p>\u201cMe gusta la m\u00fasica electr\u00f3nica, s\u00ed, incluso tuve un boliche\u201d, afirm\u00f3 el legislador que detall\u00f3: \u201cMe gustaba bailar mucho,\u00a0sentir el ritmo del \u2018pumba pumba\u2019\u201c. Fue entonces cuando lo desafiaron a terminar el programa bailando y Berni dijo \u201cles paso el trapo\u201d pero pidi\u00f3 poner \u201cun tanguito\u201d.<\/p>\n\n\n\n<p>\u201c\u00bfTe achic\u00e1s a tirar unos pasos de m\u00fasica electr\u00f3nica?\u201d, insistir el conductor. \u201cNo, no me baj\u00e9.\u00a0La de ahora no, la de mi \u00e9poca, algo ochentoso\u201c.<\/p>\n\n\n\n<p>Fue entonces cuando eligieron la canci\u00f3n\u00a0\u2018A little respect\u2019\u00a0de la banda de los ochenta\u00a0\u2018Erasure\u2019\u00a0y durante casi un minuto el exfuncionario K junto a los miembros del programa estuvieron bailando.<\/p>\n\n\n\n<figure class=\"wp-block-embed is-type-rich is-provider-twitter wp-block-embed-twitter\"><div class=\"wp-block-embed__wrapper\">\n<blockquote class=\"twitter-tweet\" data-width=\"550\" data-dnt=\"true\"><p lang=\"es\" dir=\"ltr\">Solo en el mejor programa del mundo se tiran unos PROHIBIDOS OCHENTOSOS con Berni. CERRAME EL ESTADIO. <a href=\"https:\/\/t.co\/dk3tmGOJn6\">pic.twitter.com\/dk3tmGOJn6<\/a><\/p>&mdash; Hay Algo Ah\u00ed (@estoeshaa) <a href=\"https:\/\/twitter.com\/estoeshaa\/status\/1783308269613621249?ref_src=twsrc%5Etfw\">April 25, 2024<\/a><\/blockquote><script async src=\"https:\/\/platform.twitter.com\/widgets.js\" charset=\"utf-8\"><\/script>\n<\/div><\/figure>\n\n\n\n<p>Antes del ins\u00f3lito episodio, Berni dio definiciones sobre la actualidad pol\u00edtica y entre otros tema\u00a0se refiri\u00f3 al presidente Javier Milei: \u201cTiene autoridad, principios, convicci\u00f3n, tiene huevos y va al frente. No estoy de acuerdo con el rumbo que est\u00e1 tomando, pero es un tipo muy inteligente, instruido en su \u00e1rea.\u00a0Ojal\u00e1 tuvi\u00e9ramos en nuestro espacio muchos con esas cualidades personales\u201c.<\/p>\n\n\n\n<p>\u201cUna cualidad que no comparto de\u00a0Milei es que acelera en todas las curvas. As\u00ed termin\u00f3 Ayrton Senna\u201c, agreg\u00f3, y continu\u00f3: \u201cCreer que este Gobierno se cae o no llega es no entender nada. El peronismo se rebela ante las injusticias.\u00a0Especular con que esto se caiga o le vaya mal es una pelotudez. El peronismo tiene los cuadros, la experiencia y la doctrina para poner este pa\u00eds de pie\u201d.<\/p>\n\n\n\n<p>Fue entonces que apunt\u00f3 duro contra el ex l\u00edder de La C\u00e1mpora,\u00a0Andr\u00e9s \u201cCuervo\u201d Larroque. \u201cNo puede arrastrar al gobernador a una interna mezquina\u00a0a ver si son tres \u00f1atos los que escriben en el chat porque por ah\u00ed a \u00e9l lo dejaron afuera. Bienvenidas las discusiones, no hay que tener miedo. Intentar generar una interna entre Cristina Kirchner y Axel Kicillof me parece una estupidez supina. Al gobernador hay que cuidarlo. No es casualidad que sea el gobernador, reeligi\u00f3 con 20 puntos sobre el segundo\u201d.<\/p>\n\n\n\n<p>En referencia a\u00a0Cristina Kirchner, Berni afirm\u00f3 que sigue conduciendo el espacio pol\u00edtico y detall\u00f3: \u201cDespu\u00e9s de 35 a\u00f1os de militar junto a N\u00e9stor y Cristina no necesito esperar a ver qu\u00e9 dice, qu\u00e9 hace o para d\u00f3nde va. Yo corro por la cancha, s\u00e9 a donde tengo que ir y muchas veces he tenido discusiones fuertes\u201d.<\/p>\n","protected":false},"excerpt":{"rendered":"<p>El exministro de Seguridad de la Provincia bail\u00f3 una canci\u00f3n de los a\u00f1os 80 y apunt\u00f3 contra Andr\u00e9s \u201cCuervo\u201d Larroque. Si bien marc\u00f3 diferencias con el Presidente, sostuvo: \u201cOjal\u00e1 tuvi\u00e9ramos en nuestro espacio muchos con sus cualidades\u201d. El exministro de Seguridad de la provincia de Buenos Aires,\u00a0Sergio Berni, reapareci\u00f3 en un canal de streaming,\u00a0realiz\u00f3 un [&hellip;]<\/p>\n","protected":false},"author":2,"featured_media":3931,"comment_status":"open","ping_status":"open","sticky":false,"template":"","format":"standard","meta":{"footnotes":""},"categories":[20],"tags":[],"_links":{"self":[{"href":"https:\/\/enlamira.info\/index.php\/wp-json\/wp\/v2\/posts\/3929"}],"collection":[{"href":"https:\/\/enlamira.info\/index.php\/wp-json\/wp\/v2\/posts"}],"about":[{"href":"https:\/\/enlamira.info\/index.php\/wp-json\/wp\/v2\/types\/post"}],"author":[{"embeddable":true,"href":"https:\/\/enlamira.info\/index.php\/wp-json\/wp\/v2\/users\/2"}],"replies":[{"embeddable":true,"href":"https:\/\/enlamira.info\/index.php\/wp-json\/wp\/v2\/comments?post=3929"}],"version-history":[{"count":1,"href":"https:\/\/enlamira.info\/index.php\/wp-json\/wp\/v2\/posts\/3929\/revisions"}],"predecessor-version":[{"id":3930,"href":"https:\/\/enlamira.info\/index.php\/wp-json\/wp\/v2\/posts\/3929\/revisions\/3930"}],"wp:featuredmedia":[{"embeddable":true,"href":"https:\/\/enlamira.info\/index.php\/wp-json\/wp\/v2\/media\/3931"}],"wp:attachment":[{"href":"https:\/\/enlamira.info\/index.php\/wp-json\/wp\/v2\/media?parent=3929"}],"wp:term":[{"taxonomy":"category","embeddable":true,"href":"https:\/\/enlamira.info\/index.php\/wp-json\/wp\/v2\/categories?post=3929"},{"taxonomy":"post_tag","embeddable":true,"href":"https:\/\/enlamira.info\/index.php\/wp-json\/wp\/v2\/tags?post=3929"}],"curies":[{"name":"wp","href":"https:\/\/api.w.org\/{rel}","templated":true}]}}