{"id":3925,"date":"2024-04-25T11:27:22","date_gmt":"2024-04-25T14:27:22","guid":{"rendered":"https:\/\/enlamira.info\/?p=3925"},"modified":"2024-04-25T11:54:44","modified_gmt":"2024-04-25T14:54:44","slug":"el-jefe-de-la-bancada-k-en-diputados-nego-la-existencia-de-noquis-en-el-estado","status":"publish","type":"post","link":"https:\/\/enlamira.info\/index.php\/2024\/04\/25\/el-jefe-de-la-bancada-k-en-diputados-nego-la-existencia-de-noquis-en-el-estado\/","title":{"rendered":"El jefe de la bancada K en Diputados neg\u00f3 la existencia de \u201c\u00f1oquis\u201d en el Estado"},"content":{"rendered":"\n<p>Germ\u00e1n Mart\u00ednez se refiri\u00f3 a los despidos en organismos p\u00fablicos y tuvo un fuerte cruce en televisi\u00f3n con la legisladora de LLA, Juliana Santill\u00e1n.<\/p>\n\n\n\n<p>El diputado y jefe de la bancada de Uni\u00f3n por la Patria,\u00a0Germ\u00e1n Mart\u00ednez, discuti\u00f3 en duros t\u00e9rminos con su par de La Libertad Avanza,\u00a0Juliana Santill\u00e1n, por los\u00a0despidos que el Gobierno est\u00e1 llevando a cabo en el Estado.<\/p>\n\n\n\n<p>Durante la noche de este mi\u00e9rcoles, Mart\u00ednez sostuvo que\u00a0es una \u201cmentira\u201d la existencia de \u201c\u00f1oquis\u201d en el Estado\u00a0y advirti\u00f3: \u201cTen\u00e9s que ir y conocer cada uno de los lugares.\u00a0And\u00e1 a Mar del Plata y demostr\u00e1 en cada uno de los lugares\u201c.<\/p>\n\n\n\n<p>Fue en ese momento que Santill\u00e1n le retruc\u00f3: \u201c\u00bfEst\u00e1s negando la existencia de \u00f1oquis del kirchnerismo? Eso es tapar el sol con las manos\u00a0.No sab\u00eda que eras tan\u00a0negacionista. Si hay algo que los argentinos vieron son los \u00f1oquis en el kirchnerismo\u201d.<\/p>\n\n\n\n<p>El legislador kirchnerista, sostuvo que para realizar los despidos entre abril y marzo se deber\u00eda haber investigado cada dependencia del Estado. \u201cNo tienen registro de lo que ocurre en la Argentina\u201c, afirm\u00f3.<\/p>\n\n\n\n<p>Por su parte, Santill\u00e1n, quien dijo que \u201cel Estado no est\u00e1 puesto en el mundo para dar trabajo, es el empresario, el privado quien lo da\u201d, le pregunt\u00f3 al diputado: \u201c\u00bfTe est\u00e1s quejando que el Estado eche trabajadores? \u00bfPara vos es un enemigo el empresario? Est\u00e1 puesto en este mundo para generar riqueza y\u00a0dar empleo al empelado p\u00fablico que despedimos porque es un gasto innecesario para el Estado\u201c.<\/p>\n","protected":false},"excerpt":{"rendered":"<p>Germ\u00e1n Mart\u00ednez se refiri\u00f3 a los despidos en organismos p\u00fablicos y tuvo un fuerte cruce en televisi\u00f3n con la legisladora de LLA, Juliana Santill\u00e1n. El diputado y jefe de la bancada de Uni\u00f3n por la Patria,\u00a0Germ\u00e1n Mart\u00ednez, discuti\u00f3 en duros t\u00e9rminos con su par de La Libertad Avanza,\u00a0Juliana Santill\u00e1n, por los\u00a0despidos que el Gobierno est\u00e1 [&hellip;]<\/p>\n","protected":false},"author":2,"featured_media":3928,"comment_status":"open","ping_status":"open","sticky":false,"template":"","format":"standard","meta":{"footnotes":""},"categories":[20],"tags":[],"_links":{"self":[{"href":"https:\/\/enlamira.info\/index.php\/wp-json\/wp\/v2\/posts\/3925"}],"collection":[{"href":"https:\/\/enlamira.info\/index.php\/wp-json\/wp\/v2\/posts"}],"about":[{"href":"https:\/\/enlamira.info\/index.php\/wp-json\/wp\/v2\/types\/post"}],"author":[{"embeddable":true,"href":"https:\/\/enlamira.info\/index.php\/wp-json\/wp\/v2\/users\/2"}],"replies":[{"embeddable":true,"href":"https:\/\/enlamira.info\/index.php\/wp-json\/wp\/v2\/comments?post=3925"}],"version-history":[{"count":1,"href":"https:\/\/enlamira.info\/index.php\/wp-json\/wp\/v2\/posts\/3925\/revisions"}],"predecessor-version":[{"id":3926,"href":"https:\/\/enlamira.info\/index.php\/wp-json\/wp\/v2\/posts\/3925\/revisions\/3926"}],"wp:featuredmedia":[{"embeddable":true,"href":"https:\/\/enlamira.info\/index.php\/wp-json\/wp\/v2\/media\/3928"}],"wp:attachment":[{"href":"https:\/\/enlamira.info\/index.php\/wp-json\/wp\/v2\/media?parent=3925"}],"wp:term":[{"taxonomy":"category","embeddable":true,"href":"https:\/\/enlamira.info\/index.php\/wp-json\/wp\/v2\/categories?post=3925"},{"taxonomy":"post_tag","embeddable":true,"href":"https:\/\/enlamira.info\/index.php\/wp-json\/wp\/v2\/tags?post=3925"}],"curies":[{"name":"wp","href":"https:\/\/api.w.org\/{rel}","templated":true}]}}