{"id":3921,"date":"2024-04-25T11:26:15","date_gmt":"2024-04-25T14:26:15","guid":{"rendered":"https:\/\/enlamira.info\/?p=3921"},"modified":"2024-04-25T11:55:28","modified_gmt":"2024-04-25T14:55:28","slug":"se-desplomaron-las-aspas-del-historico-cabaret-moulin-rouge-en-paris","status":"publish","type":"post","link":"https:\/\/enlamira.info\/index.php\/2024\/04\/25\/se-desplomaron-las-aspas-del-historico-cabaret-moulin-rouge-en-paris\/","title":{"rendered":"Se desplomaron las aspas del hist\u00f3rico cabaret Moulin Rouge en Par\u00eds"},"content":{"rendered":"\n<p>El hecho ocurri\u00f3 durante la madrugada y no hubo heridos. Los bomberos perimetraron la zona.<\/p>\n\n\n\n<p>El molino de\u00a0Moulin Rouge, uno de los monumentos m\u00e1s emblem\u00e1ticos de\u00a0Par\u00eds, sufri\u00f3 un colapso durante la madrugada de este jueves. Las aspas colapsaron da\u00f1ando parte de la fachada. Los\u00a0bomberos\u00a0colocaron un per\u00edmetro de seguridad en la zona pero aseguran que no hay peligro de derrumbe.<\/p>\n\n\n\n<p>A las 2 de la ma\u00f1ana, las aspas del molino se desplomaron sobre el bulevar de Clichy. Los bomberos llegaron 45 minutos despu\u00e9s y establecieron el per\u00edmetro de seguridad.\u00a0\u201cAfortunadamente esto ocurri\u00f3 despu\u00e9s del cierre\u201d, dijo un responsable del establecimiento.<\/p>\n\n\n\n<figure class=\"wp-block-image size-large\"><img loading=\"lazy\" decoding=\"async\" width=\"1024\" height=\"768\" src=\"https:\/\/enlamira.info\/wp-content\/uploads\/2024\/04\/image-35-1024x768.png\" alt=\"\" class=\"wp-image-3922\" srcset=\"https:\/\/enlamira.info\/wp-content\/uploads\/2024\/04\/image-35-1024x768.png 1024w, https:\/\/enlamira.info\/wp-content\/uploads\/2024\/04\/image-35-300x225.png 300w, https:\/\/enlamira.info\/wp-content\/uploads\/2024\/04\/image-35-768x576.png 768w, https:\/\/enlamira.info\/wp-content\/uploads\/2024\/04\/image-35.png 1200w\" sizes=\"(max-width: 1024px) 100vw, 1024px\" \/><\/figure>\n\n\n\n<p>El\u00a0hist\u00f3rico cabaret\u00a0abre sus puertas desde 1889 y recibe alrededor de 600.000 visitantes por a\u00f1o. Sus responsables aseguran que esta es la primera vez que ocurre una situaci\u00f3n de este tipo, m\u00e1s all\u00e1 de un incendio en 1915, y\u00a0a\u00fan se desconocen las causas del colapso de la estructura.<\/p>\n\n\n\n<p>El director del\u00a0Moulin Rouge, Jean-Victor Clerico, declar\u00f3 que no hab\u00eda indicios de \u201csabotaje\u201d, sino que\u00a0se produjo por un \u201cproblema t\u00e9cnico\u201d.\u00a0\u201cCada semana la direcci\u00f3n t\u00e9cnica del cabar\u00e9t comprueba el mecanismo de las aspas del molino y no hab\u00eda encontrado ning\u00fan problema\u201d,<\/p>\n","protected":false},"excerpt":{"rendered":"<p>El hecho ocurri\u00f3 durante la madrugada y no hubo heridos. Los bomberos perimetraron la zona. El molino de\u00a0Moulin Rouge, uno de los monumentos m\u00e1s emblem\u00e1ticos de\u00a0Par\u00eds, sufri\u00f3 un colapso durante la madrugada de este jueves. Las aspas colapsaron da\u00f1ando parte de la fachada. Los\u00a0bomberos\u00a0colocaron un per\u00edmetro de seguridad en la zona pero aseguran que no [&hellip;]<\/p>\n","protected":false},"author":2,"featured_media":3924,"comment_status":"open","ping_status":"open","sticky":false,"template":"","format":"standard","meta":{"footnotes":""},"categories":[30],"tags":[],"_links":{"self":[{"href":"https:\/\/enlamira.info\/index.php\/wp-json\/wp\/v2\/posts\/3921"}],"collection":[{"href":"https:\/\/enlamira.info\/index.php\/wp-json\/wp\/v2\/posts"}],"about":[{"href":"https:\/\/enlamira.info\/index.php\/wp-json\/wp\/v2\/types\/post"}],"author":[{"embeddable":true,"href":"https:\/\/enlamira.info\/index.php\/wp-json\/wp\/v2\/users\/2"}],"replies":[{"embeddable":true,"href":"https:\/\/enlamira.info\/index.php\/wp-json\/wp\/v2\/comments?post=3921"}],"version-history":[{"count":1,"href":"https:\/\/enlamira.info\/index.php\/wp-json\/wp\/v2\/posts\/3921\/revisions"}],"predecessor-version":[{"id":3923,"href":"https:\/\/enlamira.info\/index.php\/wp-json\/wp\/v2\/posts\/3921\/revisions\/3923"}],"wp:featuredmedia":[{"embeddable":true,"href":"https:\/\/enlamira.info\/index.php\/wp-json\/wp\/v2\/media\/3924"}],"wp:attachment":[{"href":"https:\/\/enlamira.info\/index.php\/wp-json\/wp\/v2\/media?parent=3921"}],"wp:term":[{"taxonomy":"category","embeddable":true,"href":"https:\/\/enlamira.info\/index.php\/wp-json\/wp\/v2\/categories?post=3921"},{"taxonomy":"post_tag","embeddable":true,"href":"https:\/\/enlamira.info\/index.php\/wp-json\/wp\/v2\/tags?post=3921"}],"curies":[{"name":"wp","href":"https:\/\/api.w.org\/{rel}","templated":true}]}}