{"id":3915,"date":"2024-04-25T11:23:58","date_gmt":"2024-04-25T14:23:58","guid":{"rendered":"https:\/\/enlamira.info\/?p=3915"},"modified":"2024-04-25T11:57:28","modified_gmt":"2024-04-25T14:57:28","slug":"alberto-fernandez-exploto-contra-javier-milei-mi-perro-esta-vivo-y-no-me-aconseja","status":"publish","type":"post","link":"https:\/\/enlamira.info\/index.php\/2024\/04\/25\/alberto-fernandez-exploto-contra-javier-milei-mi-perro-esta-vivo-y-no-me-aconseja\/","title":{"rendered":"Alberto Fern\u00e1ndez explot\u00f3 contra Javier Milei: \u201cMi perro est\u00e1 vivo y no me aconseja\u201d"},"content":{"rendered":"\n<p>El exmandatario cruz\u00f3 al Presidente luego de ser definido como un \u201ct\u00edtere\u201d durante la gala anual de la Fundaci\u00f3n Libertad.<\/p>\n\n\n\n<p>El exjefe de Estado,\u00a0Alberto Fern\u00e1ndez, arremeti\u00f3 contra el presidente\u00a0Javier Milei, quien durante la noche de este mi\u00e9rcoles\u00a0lo hab\u00eda definido como un \u201ct\u00edtere\u201d. Lo hizo en un extenso posteo en sus redes sociales.<\/p>\n\n\n\n<p>\u201c\u00bfEscucharon lo del t\u00edtere?\u00a0Hicimos un ajuste de 7 puntos del PBI y\u00a0el caradura dice que fue insignificante\u201c, coment\u00f3 Milei durante su discurso en la gala anual de la\u00a0Fundaci\u00f3n Libertad.<\/p>\n\n\n\n<p>Fern\u00e1ndez no tard\u00f3 en responder y se descarg\u00f3 en su cuenta de X con temas t\u00e9cnicos y\u00a0chicanas personales.<\/p>\n\n\n\n<p>\u201cSi el presidente\u00a0se refiri\u00f3 a m\u00ed llam\u00e1ndome \u201ct\u00edtere\u201d quiero decirle que no lo soy, no lo fui ni lo ser\u00e9. Tambi\u00e9n debe saber que\u00a0mi perro no me aconseja (y est\u00e1 vivo), que las \u201cfuerzas del cielo\u201d no me mandan se\u00f1ales y que mis acciones y reacciones son el resultado de la reflexi\u00f3n y no de alteraciones psicol\u00f3gicas\u201d, arranc\u00f3 el expresidente.<\/p>\n\n\n\n<p>\u201cTemo que el presidente se siga informando por Jumbo bot\u201d, afirm\u00f3 y agreg\u00f3 respecto d\u00e9ficit: \u201cEl programa acordado con el\u00a0FMI\u00a0establec\u00eda que en 2023 el Estado Nacional deb\u00eda reflejar\u00a0un d\u00e9ficit de 1,9%. Finalmente, como consecuencia de la sequ\u00eda y sus efectos sobre la econom\u00eda,\u00a0el d\u00e9ficit fiscal fue del 2,7%. Esto significa que el desv\u00edo sobre el programa fue del 0,8 pp\u201d.<\/p>\n\n\n\n<p>Luego,\u00a0Fern\u00e1ndez defendi\u00f3 su gesti\u00f3n: \u201cLa desocupaci\u00f3n era la m\u00e1s baja de los \u00faltimos 38 a\u00f1os, la obra p\u00fablica generaba desarrollo, la salud, la educaci\u00f3n y la ciencia y tecnolog\u00eda estaban financiadas por el Estado y conducidas por personas experimentadas en esas materias, ni hab\u00eda una hiperinflaci\u00f3n del 15.000% como afirm\u00f3 al asumir, ni el d\u00e9ficit era del 15% como dijo antes o del 5 % como dijo ahora\u201d<\/p>\n\n\n\n<p>\u201cAlgo m\u00e1s. No dije que su ajuste es insignificante.\u00a0Su ajuste es inhumano, brutal y fundamentalmente innecesario. Lo insignificante es el\u00a0falso resultado fiscal que dice haber logrado con semejante ajuste.\u00a0Basta de mentir Presidente\u2026 ya est\u00e1 probado que la mentira tiene patas cortas\u201d, concluy\u00f3 en su cuenta de X antes un meme de Los Simpson que hab\u00eda posteado un usuario dos d\u00edas antes.<\/p>\n","protected":false},"excerpt":{"rendered":"<p>El exmandatario cruz\u00f3 al Presidente luego de ser definido como un \u201ct\u00edtere\u201d durante la gala anual de la Fundaci\u00f3n Libertad. El exjefe de Estado,\u00a0Alberto Fern\u00e1ndez, arremeti\u00f3 contra el presidente\u00a0Javier Milei, quien durante la noche de este mi\u00e9rcoles\u00a0lo hab\u00eda definido como un \u201ct\u00edtere\u201d. Lo hizo en un extenso posteo en sus redes sociales. \u201c\u00bfEscucharon lo del [&hellip;]<\/p>\n","protected":false},"author":2,"featured_media":3955,"comment_status":"open","ping_status":"open","sticky":false,"template":"","format":"standard","meta":{"footnotes":""},"categories":[20],"tags":[],"_links":{"self":[{"href":"https:\/\/enlamira.info\/index.php\/wp-json\/wp\/v2\/posts\/3915"}],"collection":[{"href":"https:\/\/enlamira.info\/index.php\/wp-json\/wp\/v2\/posts"}],"about":[{"href":"https:\/\/enlamira.info\/index.php\/wp-json\/wp\/v2\/types\/post"}],"author":[{"embeddable":true,"href":"https:\/\/enlamira.info\/index.php\/wp-json\/wp\/v2\/users\/2"}],"replies":[{"embeddable":true,"href":"https:\/\/enlamira.info\/index.php\/wp-json\/wp\/v2\/comments?post=3915"}],"version-history":[{"count":1,"href":"https:\/\/enlamira.info\/index.php\/wp-json\/wp\/v2\/posts\/3915\/revisions"}],"predecessor-version":[{"id":3916,"href":"https:\/\/enlamira.info\/index.php\/wp-json\/wp\/v2\/posts\/3915\/revisions\/3916"}],"wp:featuredmedia":[{"embeddable":true,"href":"https:\/\/enlamira.info\/index.php\/wp-json\/wp\/v2\/media\/3955"}],"wp:attachment":[{"href":"https:\/\/enlamira.info\/index.php\/wp-json\/wp\/v2\/media?parent=3915"}],"wp:term":[{"taxonomy":"category","embeddable":true,"href":"https:\/\/enlamira.info\/index.php\/wp-json\/wp\/v2\/categories?post=3915"},{"taxonomy":"post_tag","embeddable":true,"href":"https:\/\/enlamira.info\/index.php\/wp-json\/wp\/v2\/tags?post=3915"}],"curies":[{"name":"wp","href":"https:\/\/api.w.org\/{rel}","templated":true}]}}