{"id":3897,"date":"2024-04-24T21:28:36","date_gmt":"2024-04-25T00:28:36","guid":{"rendered":"https:\/\/enlamira.info\/?p=3897"},"modified":"2024-04-24T21:38:04","modified_gmt":"2024-04-25T00:38:04","slug":"milei-sobre-la-marcha-universitaria-montaron-sobre-una-consigna-justa-un-acto-de-oposicion-al-gobierno","status":"publish","type":"post","link":"https:\/\/enlamira.info\/index.php\/2024\/04\/24\/milei-sobre-la-marcha-universitaria-montaron-sobre-una-consigna-justa-un-acto-de-oposicion-al-gobierno\/","title":{"rendered":"Milei sobre la marcha universitaria: \u201cMontaron sobre una consigna justa un acto de oposici\u00f3n al gobierno\u201d"},"content":{"rendered":"\n<p>El Presidente hizo un descargo en redes sociales en el que acus\u00f3 a \u201clos vivos de siempre\u201d de utilizar una noble causa como la defensa de la educaci\u00f3n p\u00fablica para sacar redito partidario. \u00a0<\/p>\n\n\n\n<p>Mientras siguen las repercusiones de la\u00a0masiva marcha federal universitaria, que se llev\u00f3 a cabo el martes 23 de abril, en contra de los recortes presupuestarios del Gobierno en el sector. El presidente\u00a0Javier Milei, se pronunci\u00f3 al respecto y apunt\u00f3 contra quienes hicieron un uso partidario del acto.<\/p>\n\n\n\n<p>Bajo el t\u00edtulo: \u201cCausas nobles. Motivos oscuros\u201d, el mandatario poste\u00f3 en la red social\u00a0X\u00a0(ex Twitter), el mismo espacio virtual que utiliz\u00f3 los d\u00edas previos para desprestigiar el justo reclamo del sector acad\u00e9mico en las v\u00edsperas de la manifestaci\u00f3n que junt\u00f3\u00a0m\u00e1s de 200 mil personas en Plaza de Mayo.<\/p>\n\n\n\n<p>\u201cAyer vimos c\u00f3mo, una vez m\u00e1s,\u00a0aquellos que pretenden seguir viviendo a expensas de los argentinos se montaron sobre una mentira para promover sus intereses.\u00a0Al margen de la discusi\u00f3n acerca de cu\u00e1l modelo de\u00a0educaci\u00f3n superior\u00a0es deseable para un pa\u00eds en el que seis de cada diez chicos menores de 14 a\u00f1os son pobres, los mismos vivos de siempre utilizaron el escudo de una causa que suena noble para defender sus intereses de casta\u201d, escribi\u00f3 el libertario.<\/p>\n\n\n\n<p>En la misma publicaci\u00f3n agreg\u00f3: \u201cEn ning\u00fan momento el gobierno nacional insinu\u00f3 la intenci\u00f3n de cerrar las universidades nacionales. Lejos de eso, ya el d\u00eda anterior a la manifestaci\u00f3n de ayer estaban hechos los giros de recursos para los gastos de funcionamiento de todas\u00a0las universidades nacionales\u201d.<\/p>\n\n\n\n<p>\u201cPero como\u00a0la clase pol\u00edtica no deja pasar ninguna oportunidad para defender sus privilegios, montaron sobre una consigna justa un acto netamente pol\u00edtico de oposici\u00f3n al gobierno\u201d, cuestion\u00f3 el jefe de Estado en referencia a los dirigentes partidarios, sindicales y opositores que se sumaron al justo reclamo de la comunidad educativa.<\/p>\n\n\n\n<p>Al respecto Milei sostuvo: \u201cAs\u00ed es como ayer vimos las mismas caras de siempre de aquellos que quieren que la Argentina no cambie para defender sus privilegios.\u00a0Massa, Cristina, Lousteau, Yacobitti, la CGT, la CTA,\u00a0el radicalismo c\u00f3mplice, y todos los dem\u00e1s actores de la clase pol\u00edtica que se oponen a cualquier cambio porque han sido los principales beneficiarios del antiguo r\u00e9gimen\u201d.<\/p>\n\n\n\n<p>\u201cNo defienden la educaci\u00f3n.\u00a0Defienden sus privilegios y utilizan a la sociedad para hacerlo. Lo hicieron con Aerol\u00edneas, lo hicieron con los jubilados cuando se robaron los fondos de las\u00a0AFJP, lo hicieron con\u00a0YPF, lo hacen con la obra p\u00fablica. As\u00ed opera la casta. Se montan sobre una bandera justa para despojar a los argentinos\u201d, a\u00f1adi\u00f3 el l\u00edder de\u00a0La libertad Avanza.<\/p>\n\n\n\n<p>Desde su cuenta personal el mandatario remarc\u00f3: \u201cLa diferencia ahora es que la mayor\u00eda de los argentinos eligieron un Presidente para terminar con los privilegios de los pol\u00edticos.\u00a0No vamos a ser c\u00f3mplices del negocio que algunos hacen con la universidad p\u00fablica. Vamos a garantizar los fondos para el funcionamiento de las universidades y vamos a auditar c\u00f3mo se utilizan esos fondos. Porque ese dinero surge del esfuerzo que hacen la mayor\u00eda de los argentinos que viven debajo de la l\u00ednea de la pobreza y no puede ni debe ser utilizado para engordar los bolsillos de algunos que han hecho un negocio de la educaci\u00f3n p\u00fablica\u201d.<\/p>\n\n\n\n<p>\u201cLejos de doblegarnos, cada vez que todos esos dirigentes, que son la cara del fracaso argentino, se juntan detr\u00e1s de una bandera, lo \u00fanico que hacen es\u00a0reafirmar nuestra convicci\u00f3n de que estamos dando las batallas para las que nos eligieron la mayor\u00eda de los argentinos. VIVA LA LIBERTAD CARAJO\u2026!!!\u201d concluy\u00f3 el jefe del Ejecutivo nacional.<\/p>\n","protected":false},"excerpt":{"rendered":"<p>El Presidente hizo un descargo en redes sociales en el que acus\u00f3 a \u201clos vivos de siempre\u201d de utilizar una noble causa como la defensa de la educaci\u00f3n p\u00fablica para sacar redito partidario. \u00a0 Mientras siguen las repercusiones de la\u00a0masiva marcha federal universitaria, que se llev\u00f3 a cabo el martes 23 de abril, en contra [&hellip;]<\/p>\n","protected":false},"author":2,"featured_media":3899,"comment_status":"open","ping_status":"open","sticky":false,"template":"","format":"standard","meta":{"footnotes":""},"categories":[20],"tags":[],"_links":{"self":[{"href":"https:\/\/enlamira.info\/index.php\/wp-json\/wp\/v2\/posts\/3897"}],"collection":[{"href":"https:\/\/enlamira.info\/index.php\/wp-json\/wp\/v2\/posts"}],"about":[{"href":"https:\/\/enlamira.info\/index.php\/wp-json\/wp\/v2\/types\/post"}],"author":[{"embeddable":true,"href":"https:\/\/enlamira.info\/index.php\/wp-json\/wp\/v2\/users\/2"}],"replies":[{"embeddable":true,"href":"https:\/\/enlamira.info\/index.php\/wp-json\/wp\/v2\/comments?post=3897"}],"version-history":[{"count":1,"href":"https:\/\/enlamira.info\/index.php\/wp-json\/wp\/v2\/posts\/3897\/revisions"}],"predecessor-version":[{"id":3898,"href":"https:\/\/enlamira.info\/index.php\/wp-json\/wp\/v2\/posts\/3897\/revisions\/3898"}],"wp:featuredmedia":[{"embeddable":true,"href":"https:\/\/enlamira.info\/index.php\/wp-json\/wp\/v2\/media\/3899"}],"wp:attachment":[{"href":"https:\/\/enlamira.info\/index.php\/wp-json\/wp\/v2\/media?parent=3897"}],"wp:term":[{"taxonomy":"category","embeddable":true,"href":"https:\/\/enlamira.info\/index.php\/wp-json\/wp\/v2\/categories?post=3897"},{"taxonomy":"post_tag","embeddable":true,"href":"https:\/\/enlamira.info\/index.php\/wp-json\/wp\/v2\/tags?post=3897"}],"curies":[{"name":"wp","href":"https:\/\/api.w.org\/{rel}","templated":true}]}}