{"id":3893,"date":"2024-04-24T21:27:15","date_gmt":"2024-04-25T00:27:15","guid":{"rendered":"https:\/\/enlamira.info\/?p=3893"},"modified":"2024-04-24T21:39:06","modified_gmt":"2024-04-25T00:39:06","slug":"pedro-sanchez-analiza-abandonar-la-presidencia-de-espana-por-las-denuncias-contra-su-esposa","status":"publish","type":"post","link":"https:\/\/enlamira.info\/index.php\/2024\/04\/24\/pedro-sanchez-analiza-abandonar-la-presidencia-de-espana-por-las-denuncias-contra-su-esposa\/","title":{"rendered":"Pedro S\u00e1nchez analiza abandonar la presidencia de Espa\u00f1a por las denuncias contra su esposa"},"content":{"rendered":"\n<p>El mandatario public\u00f3 un mensaje en las redes sociales en el que sostuvo que es v\u00edctima de una campa\u00f1a en su contra y que ahora arremeten contra su mujer.<\/p>\n\n\n\n<p>En medio de\u00a0denuncias por corrupci\u00f3n\u00a0y tr\u00e1fico de influencias el presidente de\u00a0Espa\u00f1a, Pedro S\u00e1nchez,\u00a0confirm\u00f3 que piensa en abandonar su cargo y sostuvo que es v\u00edctima de una campa\u00f1a en su contra que ahora involucra a su esposa,\u00a0Bego\u00f1a G\u00f3mez.<\/p>\n\n\n\n<p>\u201cNo soy un ingenuo.\u00a0Soy consciente de que denuncian a Bego\u00f1a no porque haya hecho algo ilegal, ellos saben que no hay caso, sino por ser m\u00ed esposa. Como soy tambi\u00e9n plenamente consciente de que los ataques que sufro no son a mi persona sino a lo que represento: una opci\u00f3n pol\u00edtica progresista, respaldada elecci\u00f3n tras elecci\u00f3n por millones de espa\u00f1oles, basada en el avance econ\u00f3mico, la justicia social y la regeneraci\u00f3n democr\u00e1tica\u201d, indic\u00f3 el mandatario espa\u00f1ol en las \u00faltimas horas.<\/p>\n\n\n\n<p>En ese sentido\u00a0el titular del Ejecutivo\u00a0ib\u00e9rico, admiti\u00f3 que las acusaciones sobre su compa\u00f1era de vida fueron lo que m\u00e1s le molestaron. \u201cSoy un hombre profundamente enamorado de mi mujer. Necesito parar y reflexionar\u201d, dijo el pol\u00edtico a trav\u00e9s de una carta que public\u00f3 en su cuneta de\u00a0X\u00a0(ex Twitter).<\/p>\n\n\n\n<p>\u201cFueron conscientes de que con el ataque pol\u00edtico no ser\u00eda suficiente, han traspasado la l\u00ednea del respeto a la vida familiar de un presidente del Gobierno\u201d, remarc\u00f3 S\u00e1nchez en su misiva en donde apunt\u00f3 contra los partidos de la derecha y la ultraderecha que no aceptaron el ultimo resultado electoral.<\/p>\n\n\n\n<p>En su posteo, el Presidente manifest\u00f3: \u201cLlegados a este punto, la pregunta que leg\u00edtimamente me hago es \u00bfmerece la pena todo esto? Sinceramente, no lo s\u00e9.\u00a0Este ataque no tiene precedentes, es tan grave y tan burdo que necesito parar y reflexionar con mi esposa. Muchas veces se nos olvida que tras los pol\u00edticos hay personas. Y yo, no me causa rubor decirlo, soy un hombre profundamente enamorado de mi mujer que vive con impotencia el fango que sobre ella esparcen d\u00eda s\u00ed y d\u00eda tambi\u00e9n\u201d.<\/p>\n\n\n\n<p>\u201cNecesito parar y reflexionar.\u00a0Me urge responderme a la pregunta de si merece la pena, pese al fango en el que la derecha y la ultraderecha pretenden convertir la pol\u00edtica.\u00a0Si debo continuar al frente del Gobierno o renunciar a este alto honor. A pesar de la caricatura que la derecha y la ultraderecha\u00a0pol\u00edtica y medi\u00e1tica\u00a0han tratado de hacer de m\u00ed, nunca he tenido apego al cargo. S\u00ed lo tengo al deber, al compromiso pol\u00edtico y al servicio p\u00fablico. Yo no paso por los cargos, hago valer la legitimidad de esas altas responsabilidades para transformar y hacer avanzar al pa\u00eds que quiero\u201d, concluy\u00f3 el l\u00edder del\u00a0Partido Socialista Obrero Espa\u00f1ol\u00a0(PSOE).<\/p>\n","protected":false},"excerpt":{"rendered":"<p>El mandatario public\u00f3 un mensaje en las redes sociales en el que sostuvo que es v\u00edctima de una campa\u00f1a en su contra y que ahora arremeten contra su mujer. En medio de\u00a0denuncias por corrupci\u00f3n\u00a0y tr\u00e1fico de influencias el presidente de\u00a0Espa\u00f1a, Pedro S\u00e1nchez,\u00a0confirm\u00f3 que piensa en abandonar su cargo y sostuvo que es v\u00edctima de una [&hellip;]<\/p>\n","protected":false},"author":2,"featured_media":3896,"comment_status":"open","ping_status":"open","sticky":false,"template":"","format":"standard","meta":{"footnotes":""},"categories":[30],"tags":[],"_links":{"self":[{"href":"https:\/\/enlamira.info\/index.php\/wp-json\/wp\/v2\/posts\/3893"}],"collection":[{"href":"https:\/\/enlamira.info\/index.php\/wp-json\/wp\/v2\/posts"}],"about":[{"href":"https:\/\/enlamira.info\/index.php\/wp-json\/wp\/v2\/types\/post"}],"author":[{"embeddable":true,"href":"https:\/\/enlamira.info\/index.php\/wp-json\/wp\/v2\/users\/2"}],"replies":[{"embeddable":true,"href":"https:\/\/enlamira.info\/index.php\/wp-json\/wp\/v2\/comments?post=3893"}],"version-history":[{"count":1,"href":"https:\/\/enlamira.info\/index.php\/wp-json\/wp\/v2\/posts\/3893\/revisions"}],"predecessor-version":[{"id":3894,"href":"https:\/\/enlamira.info\/index.php\/wp-json\/wp\/v2\/posts\/3893\/revisions\/3894"}],"wp:featuredmedia":[{"embeddable":true,"href":"https:\/\/enlamira.info\/index.php\/wp-json\/wp\/v2\/media\/3896"}],"wp:attachment":[{"href":"https:\/\/enlamira.info\/index.php\/wp-json\/wp\/v2\/media?parent=3893"}],"wp:term":[{"taxonomy":"category","embeddable":true,"href":"https:\/\/enlamira.info\/index.php\/wp-json\/wp\/v2\/categories?post=3893"},{"taxonomy":"post_tag","embeddable":true,"href":"https:\/\/enlamira.info\/index.php\/wp-json\/wp\/v2\/tags?post=3893"}],"curies":[{"name":"wp","href":"https:\/\/api.w.org\/{rel}","templated":true}]}}