{"id":3883,"date":"2024-04-24T21:24:46","date_gmt":"2024-04-25T00:24:46","guid":{"rendered":"https:\/\/enlamira.info\/?p=3883"},"modified":"2024-04-24T21:40:57","modified_gmt":"2024-04-25T00:40:57","slug":"con-criticas-a-milei-cristina-kirchner-anuncio-que-participara-de-un-acto-publico-en-quilmes","status":"publish","type":"post","link":"https:\/\/enlamira.info\/index.php\/2024\/04\/24\/con-criticas-a-milei-cristina-kirchner-anuncio-que-participara-de-un-acto-publico-en-quilmes\/","title":{"rendered":"Con cr\u00edticas a Milei, Cristina Kirchner anunci\u00f3 que participar\u00e1 de un acto p\u00fablico en Quilmes"},"content":{"rendered":"\n<p>La exvicepresidenta dar\u00e1 un discurso en la inauguraci\u00f3n de un microestadio con el nombre de N\u00e9stor Kirchner junto a la intendenta Mayra Mendoza.<\/p>\n\n\n\n<p>Esta tarde,\u00a0Cristina Kirchner\u00a0anunci\u00f3 en sus redes sociales que el pr\u00f3ximo s\u00e1bado reaparecer\u00e1 p\u00fablicamente en\u00a0Quilmes, donde inaugurar\u00e1 un microestadio con el nombre de N\u00e9stor Kirchner, junto a la intendenta Mayra Mendoza.<\/p>\n\n\n\n<p>El acto se realizar\u00e1 a 21 a\u00f1os de la elecci\u00f3n presidencial del 27 de abril del 2003, en la que N\u00e9stor Kirchner obtuvo el segundo lugar de los comicios con el 22% de los votos. La ex mandataria cont\u00f3 que recibi\u00f3 la invitaci\u00f3n al evento el lunes por la ma\u00f1ana y confirm\u00f3 su presencia este mi\u00e9rcoles.<\/p>\n\n\n\n<p>Seg\u00fan explic\u00f3 en su publicaci\u00f3n, la decisi\u00f3n de asistir al evento fue motivada por las declaraciones del presidente\u00a0Javier Milei\u00a0durante la \u00faltima cadena nacional, en la que anunci\u00f3 un super\u00e1vit fiscal del 0,2% en el primer trimestre del a\u00f1o.\u00a0<\/p>\n\n\n\n<p>\u201cEsa misma noche escuch\u00e9 al presidente Javier Milei por cadena nacional explayarse sobre el resultado de su gobierno al que calific\u00f3 de \u2018milagro econ\u00f3mico\u2019 y \u2018haza\u00f1a de proporciones hist\u00f3ricas a nivel mundial\u2019, indicando que el mismo solo es posible por el esfuerzo de la \u2018mayor\u00eda de los argentinos que est\u00e1n sufriendo\u2019 pero que esta vez ese esfuerzo \u2018va a valer la pena\u2019, para concluir que \u2018no hay alternativa m\u00e1s que emprender el largo camino por el desierto hacia la tierra prometida\u2019 del que, sin embargo, anunci\u00f3 que \u2018ya hemos recorrido m\u00e1s de la mitad del camino\u2019\u201d, dijo citando al libertario.<\/p>\n\n\n\n<p>Y, en alusi\u00f3n a su propia frase c\u00e9lebre, destac\u00f3:\u00a0\u201cBreve digresi\u00f3n: result\u00f3 conmovedor escucharlo decir \u2018no es magia\u2019\u201d.<\/p>\n\n\n\n<p>En su mensaje, la ex presidenta justific\u00f3 su visita al conurbano bonaerense como una oportunidad para reflexionar sobre \u201ceste experimento del\u00a0anarco-capitalismo\u00a0y el sacrificio in\u00fatil al que est\u00e1 siendo sometido el pueblo argentino\u201d.<\/p>\n\n\n\n<p>Anteriormente, la exmandataria se hab\u00eda mostrado p\u00fablicamente durante la\u00a0Marcha Federal Universitaria\u00a0realizada este martes, donde defendi\u00f3 la educaci\u00f3n p\u00fablica y el aumento presupuestario para las universidades nacionales.\u00a0<\/p>\n\n\n\n<p>En apoyo a la protesta, Kirchner sali\u00f3 al balc\u00f3n del Instituto Patria con un buzo de la Universidad Nacional de La Plata, donde se recibi\u00f3 de abogada.<\/p>\n\n\n\n<p>Sin embargo, antes de su inesperada aparici\u00f3n, hab\u00eda compartido un mensaje en sus redes sociales para defender las pol\u00edticas universitarias que llev\u00f3 a cabo el kirchnerismo entre 2003 y 2015 y se\u00f1alar su apoyo a la protesta.<\/p>\n\n\n\n<p>Lo hizo junto a una foto de ella y otra de N\u00e9stor Kirchner en sus \u00e9pocas de universitarios. Adem\u00e1s, mostr\u00f3 las\u00a0fichas de graduaci\u00f3n de ambos. \u201cNuestras fichas de la Universidad Nacional de La Plata y nosotros dos en el verano del 75\u2032-76\u2032, todav\u00eda estudiantes.\u00a0\u00bfQui\u00e9n pod\u00eda imaginar que 27 a\u00f1os despu\u00e9s \u00edbamos a presidir una Argentina en la cual creamos e inauguramos 16 nuevas universidades p\u00fablicas, logrando que, por primera vez, todas las provincias tengan una universidad p\u00fablica?\u201d, se pregunt\u00f3.<\/p>\n\n\n\n<p>Y continu\u00f3: \u201cLo pudimos hacer cuando revertimos la relaci\u00f3n entre los recursos afectados a la educaci\u00f3n y al pago de la deuda externa. En el 2003: 3% del PBI para educaci\u00f3n y 5% para deuda externa. En el 2015, al cabo de los tres per\u00edodos de gobierno: 6,3% del PBI para educaci\u00f3n y 1,5% para deuda p\u00fablica.&nbsp;<strong>No fue magia<\/strong>\u201d.<\/p>\n\n\n\n<p>\u201cEducaci\u00f3n p\u00fablica para la igualdad de oportunidades\u201d, enfatiz\u00f3.<\/p>\n","protected":false},"excerpt":{"rendered":"<p>La exvicepresidenta dar\u00e1 un discurso en la inauguraci\u00f3n de un microestadio con el nombre de N\u00e9stor Kirchner junto a la intendenta Mayra Mendoza. Esta tarde,\u00a0Cristina Kirchner\u00a0anunci\u00f3 en sus redes sociales que el pr\u00f3ximo s\u00e1bado reaparecer\u00e1 p\u00fablicamente en\u00a0Quilmes, donde inaugurar\u00e1 un microestadio con el nombre de N\u00e9stor Kirchner, junto a la intendenta Mayra Mendoza. El acto [&hellip;]<\/p>\n","protected":false},"author":2,"featured_media":3885,"comment_status":"open","ping_status":"open","sticky":false,"template":"","format":"standard","meta":{"footnotes":""},"categories":[20],"tags":[],"_links":{"self":[{"href":"https:\/\/enlamira.info\/index.php\/wp-json\/wp\/v2\/posts\/3883"}],"collection":[{"href":"https:\/\/enlamira.info\/index.php\/wp-json\/wp\/v2\/posts"}],"about":[{"href":"https:\/\/enlamira.info\/index.php\/wp-json\/wp\/v2\/types\/post"}],"author":[{"embeddable":true,"href":"https:\/\/enlamira.info\/index.php\/wp-json\/wp\/v2\/users\/2"}],"replies":[{"embeddable":true,"href":"https:\/\/enlamira.info\/index.php\/wp-json\/wp\/v2\/comments?post=3883"}],"version-history":[{"count":3,"href":"https:\/\/enlamira.info\/index.php\/wp-json\/wp\/v2\/posts\/3883\/revisions"}],"predecessor-version":[{"id":3888,"href":"https:\/\/enlamira.info\/index.php\/wp-json\/wp\/v2\/posts\/3883\/revisions\/3888"}],"wp:featuredmedia":[{"embeddable":true,"href":"https:\/\/enlamira.info\/index.php\/wp-json\/wp\/v2\/media\/3885"}],"wp:attachment":[{"href":"https:\/\/enlamira.info\/index.php\/wp-json\/wp\/v2\/media?parent=3883"}],"wp:term":[{"taxonomy":"category","embeddable":true,"href":"https:\/\/enlamira.info\/index.php\/wp-json\/wp\/v2\/categories?post=3883"},{"taxonomy":"post_tag","embeddable":true,"href":"https:\/\/enlamira.info\/index.php\/wp-json\/wp\/v2\/tags?post=3883"}],"curies":[{"name":"wp","href":"https:\/\/api.w.org\/{rel}","templated":true}]}}